{"id":34365,"date":"2021-11-16T19:03:28","date_gmt":"2021-11-17T01:03:28","guid":{"rendered":"http:\/\/www.zonaroja.com.mx\/?p=34365"},"modified":"2021-11-16T19:03:32","modified_gmt":"2021-11-17T01:03:32","slug":"cruzan-jara-y-sosa-acusaciones-por-guerra-sucia-y-candidatura-en-morena","status":"publish","type":"post","link":"https:\/\/zonaroja.com.mx\/?p=34365","title":{"rendered":"Cruzan Jara y Sosa acusaciones por \u201cguerra sucia\u201d y candidatura en Morena"},"content":{"rendered":"\n<p>Redacci\u00f3n\/Zona Roja.<\/p>\n\n\n\n<p>Oaxaca de Ju\u00e1rez, Oax., 16 de noviembre de 2021.- Otrora compa\u00f1eros de lucha en la izquierda, Salom\u00f3n Jara Cruz y Flavio Sosa Villavicencio se acusaron mutuamente de \u201cguerra sucia\u201d, en el marco de la candidatura del Partido Morena a la gubernatura de Oaxaca.<\/p>\n\n\n\n<p>\u201cEsta \u2018guerra sucia\u2019 fluy\u00f3 por el equipo de Flavio Sosa que sabemos est\u00e1 con una candidata. Me parece muy poco \u00e9tico hacer esta campa\u00f1a por mi salud. No es jugar con la salud para hacer una campa\u00f1a sucia. Aprovecho para expresar mi inconformidad por este tipo de campa\u00f1a\u201d, declar\u00f3 el senador.<\/p>\n\n\n\n<p>En conferencia de prensa, arropado por ediles y legisladores, en que se presentaron resultados de un sondeo a la poblaci\u00f3n, Jara se\u00f1al\u00f3 de manera directa al dirigente de Comuna Oaxaca e incluso dijo que lo denunciar\u00e1 penalmente.<\/p>\n\n\n\n<p>\u201cYo en cambio s\u00ed tengo pruebas contra Flavio Sosa y por eso proceder\u00e9 penalmente, para que no quede s\u00f3lo en una denuncia p\u00fablica\u201d, manifest\u00f3, y dijo contar con mensajes y otras pruebas de sus dichos.<\/p>\n\n\n\n<p>Agreg\u00f3 que las diferencias con Flavio surgieron a partir de que este quer\u00eda ser candidato a diputado local, pero no era posible porque su hermano Horacio Sosa ya era candidato.<\/p>\n\n\n\n<figure class=\"wp-block-embed is-type-rich is-provider-twitter wp-block-embed-twitter\"><div class=\"wp-block-embed__wrapper\">\n<div class=\"twitter-tweet\"><blockquote class=\"twitter-tweet\" data-lang=\"es\"><p lang=\"es\" dir=\"ltr\"><a href=\"https:\/\/twitter.com\/hashtag\/%C3%9AltimoMinuto?src=hash&amp;ref_src=twsrc%5Etfw\">#\u00daltimoMinuto<\/a> <br>En conferencia de prensa, el senador <a href=\"https:\/\/twitter.com\/salomonj?ref_src=twsrc%5Etfw\">@salomonj<\/a> acus\u00f3 a <a href=\"https:\/\/twitter.com\/flaviososavilla?ref_src=twsrc%5Etfw\">@flaviososavilla<\/a> de encabezar una campa\u00f1a \u201csucia\u201d en su contra y dijo que lo denunciar\u00e1 penalmente; revel\u00f3 que el activista pretendi\u00f3 ser legislador a la par de su hermano y de ah\u00ed vinieron las inconformidades. <a href=\"https:\/\/t.co\/zFYyNhKrEz\">pic.twitter.com\/zFYyNhKrEz<\/a><\/p>&mdash; Zona Roja Oaxaca (@Zona_Roja_Oax) <a href=\"https:\/\/twitter.com\/Zona_Roja_Oax\/status\/1460670887468969999?ref_src=twsrc%5Etfw\">16 de noviembre de 2021<\/a><\/blockquote><\/div>\n<\/div><\/figure>\n\n\n\n<p>NO TENGO NADA<\/p>\n\n\n\n<p>En conferencia de prensa posterior, para responder a los se\u00f1alamientos, Sosa Villavicencio expuso que no tiene ninguna diferencia con Jara.<\/p>\n\n\n\n<p>\u201cSus afirmaciones son falsas; absolutamente falsas. Ni he repartido lonas ni he pegado lonas ni he hablado mal de su salud. Le reitero mi respeto, mi mano amiga, y le reitero que el enemigo es la injusticia, es la terrible desigualdad social que hay en este estado, el enemigo es la corrupci\u00f3n\u201d, sostuvo.<\/p>\n\n\n\n<p>Recalco su respeto a los aspirantes a la gubernatura y consider\u00f3 que esta exposici\u00f3n medi\u00e1tica \u201cno valen la pena como para lastimar las relaciones personales, que trascienden; le agradezco sus comentarios a mi familia, de la misma manera le reitero mi respeto a su familia y a \u00e9l; se lo he externado en lo personal y a trav\u00e9s de amigos\u201d, expuso.<\/p>\n\n\n\n<p>En tanto, critic\u00f3 el derroche material y financiero que realiza el aspirante a la gubernatura y ejemplific\u00f3 el reciente informe legislativo que rindi\u00f3 Salom\u00f3n Jara en Santa Cruz Xoxocotl\u00e1n, adem\u00e1s del probable dispendio en la promoci\u00f3n a trav\u00e9s de lonas y espectaculares.<\/p>\n\n\n\n<p>A pregunta expresa sobre la probable asesor\u00eda del priista Adolfo Toledo Infanz\u00f3n, a prop\u00f3sito de un tuit de \u00e9ste, Flavio Sosa manifest\u00f3:<\/p>\n\n\n\n<p>\u201cMe sorprendi\u00f3 mucho ese tuit, porque a Fito Toledo yo lo relaciono con ciertos personajes que no vale la pena ni recordar su nombre, entonces que est\u00e9n detr\u00e1s de Salom\u00f3n, me espantar\u00eda al menos a m\u00ed. Yo no creo, me parecer\u00eda un error de Salom\u00f3n que se dejara acompa\u00f1ar de esas personas\u201d, expuso.<\/p>\n\n\n\n<figure class=\"wp-block-embed is-type-rich is-provider-twitter wp-block-embed-twitter\"><div class=\"wp-block-embed__wrapper\">\n<div class=\"twitter-tweet\"><blockquote class=\"twitter-tweet\" data-lang=\"es\"><p lang=\"es\" dir=\"ltr\">Sobre la probable asesor\u00eda del pri\u00edsta <a href=\"https:\/\/twitter.com\/AdolfoToledo_?ref_src=twsrc%5Etfw\">@AdolfoToledo_<\/a> al morenista <a href=\"https:\/\/twitter.com\/salomonj?ref_src=twsrc%5Etfw\">@salomonj<\/a>, esto fue lo que respondi\u00f3 el l\u00edder de <a href=\"https:\/\/twitter.com\/comunaoax?ref_src=twsrc%5Etfw\">@comunaoax<\/a>, @flaviososavilla3 <a href=\"https:\/\/t.co\/EyMyR10Yuu\">pic.twitter.com\/EyMyR10Yuu<\/a><\/p>&mdash; Zona Roja Oaxaca (@Zona_Roja_Oax) <a href=\"https:\/\/twitter.com\/Zona_Roja_Oax\/status\/1460769570415910914?ref_src=twsrc%5Etfw\">17 de noviembre de 2021<\/a><\/blockquote><\/div>\n<\/div><\/figure>\n","protected":false},"excerpt":{"rendered":"<p>Redacci\u00f3n\/Zona Roja. Oaxaca de Ju\u00e1rez, Oax., 16 de noviembre de 2021.- Otrora compa\u00f1eros de lucha&hellip;<\/p>\n","protected":false},"author":2,"featured_media":34366,"comment_status":"closed","ping_status":"open","sticky":false,"template":"","format":"standard","meta":{"_lmt_disableupdate":"","_lmt_disable":"","_jetpack_memberships_contains_paid_content":false,"footnotes":""},"categories":[109,47],"tags":[939],"class_list":["post-34365","post","type-post","status-publish","format-standard","has-post-thumbnail","hentry","category-minuto-a-minuto","category-zona-gris","tag-salomon-jara-cruz"],"jetpack_featured_media_url":"https:\/\/zonaroja.com.mx\/wp-content\/uploads\/2021\/11\/Flavio-Sosa-Salomon-Jara.jpg","jetpack_sharing_enabled":true,"_links":{"self":[{"href":"https:\/\/zonaroja.com.mx\/index.php?rest_route=\/wp\/v2\/posts\/34365","targetHints":{"allow":["GET"]}}],"collection":[{"href":"https:\/\/zonaroja.com.mx\/index.php?rest_route=\/wp\/v2\/posts"}],"about":[{"href":"https:\/\/zonaroja.com.mx\/index.php?rest_route=\/wp\/v2\/types\/post"}],"author":[{"embeddable":true,"href":"https:\/\/zonaroja.com.mx\/index.php?rest_route=\/wp\/v2\/users\/2"}],"replies":[{"embeddable":true,"href":"https:\/\/zonaroja.com.mx\/index.php?rest_route=%2Fwp%2Fv2%2Fcomments&post=34365"}],"version-history":[{"count":1,"href":"https:\/\/zonaroja.com.mx\/index.php?rest_route=\/wp\/v2\/posts\/34365\/revisions"}],"predecessor-version":[{"id":34367,"href":"https:\/\/zonaroja.com.mx\/index.php?rest_route=\/wp\/v2\/posts\/34365\/revisions\/34367"}],"wp:featuredmedia":[{"embeddable":true,"href":"https:\/\/zonaroja.com.mx\/index.php?rest_route=\/wp\/v2\/media\/34366"}],"wp:attachment":[{"href":"https:\/\/zonaroja.com.mx\/index.php?rest_route=%2Fwp%2Fv2%2Fmedia&parent=34365"}],"wp:term":[{"taxonomy":"category","embeddable":true,"href":"https:\/\/zonaroja.com.mx\/index.php?rest_route=%2Fwp%2Fv2%2Fcategories&post=34365"},{"taxonomy":"post_tag","embeddable":true,"href":"https:\/\/zonaroja.com.mx\/index.php?rest_route=%2Fwp%2Fv2%2Ftags&post=34365"}],"curies":[{"name":"wp","href":"https:\/\/api.w.org\/{rel}","templated":true}]}}