{"id":34368,"date":"2021-11-16T20:47:20","date_gmt":"2021-11-17T02:47:20","guid":{"rendered":"http:\/\/www.zonaroja.com.mx\/?p=34368"},"modified":"2021-11-16T20:47:24","modified_gmt":"2021-11-17T02:47:24","slug":"caso-huazantlan-fiscalia-aplica-solo-una-de-mas-de-160-ordenes-de-aprehension","status":"publish","type":"post","link":"https:\/\/zonaroja.com.mx\/?p=34368","title":{"rendered":"Caso Huazantl\u00e1n: Fiscal\u00eda aplica s\u00f3lo una de m\u00e1s de 160 \u00f3rdenes de aprehensi\u00f3n"},"content":{"rendered":"\n<p>Redacci\u00f3n\/Zona Roja.<\/p>\n\n\n\n<p>Oaxaca de Ju\u00e1rez, Oax., 16 de noviembre de 2021.- Familiares de v\u00edctimas de la masacre de Huazantl\u00e1n del R\u00edo confirmaron la aprehensi\u00f3n de un probable implicado en el crimen de 15 personas.<\/p>\n\n\n\n<p>Sin embargo, lamentaron que a un a\u00f1o y medio de los hechos violentos, la Fiscal\u00eda General del Estado de Oaxaca act\u00fae con lentitud, pues son m\u00e1s de 160 mandatos judiciales los que debe aplicar.<\/p>\n\n\n\n<p>Esta tarde dieron una conferencia de prensa para demandar justicia \u00e1gil en este caso y llevar a la justicia a los implicados en los hechos sucedidos entre el 20 y 21 de junio de 2020.<\/p>\n\n\n\n<p>\u201cPor seguridad jur\u00eddica el Comit\u00e9 de V\u00edctimas no se hab\u00eda pronunciado ante este hecho, sin embargo, derivado de una serie de constantes ataques medi\u00e1ticos en contra de este comit\u00e9, desvirtuando nuestro esfuerzo de b\u00fasqueda de justicia y revictimiz\u00e1ndonos, nos vemos en la necesidad de pronunciamos p\u00fablicamente reclam\u00e1ndole a la Fiscal\u00eda la calidad de v\u00edctimas de la cual tenemos derecho, dadas las condiciones de los dos feminicidios y 13 homicidios\u201d, expusieron.<\/p>\n\n\n\n<p>A trav\u00e9s de un comunicado le\u00eddo, dijeron que han buscado relacionarlos con el crimen organizado.<\/p>\n\n\n\n<p>\u201cDesde aqu\u00ed les decimos y acotamos que precisamente los asesinos est\u00e1n protegidos o son parte del crimen organizado que impera en San Mateo del Mar\u201d.<\/p>\n\n\n\n<p>Dieron adem\u00e1s su respaldo a Bernardino Ponce, \u201clegitimo\u201d presidente que fue electo por la mayor\u00eda de las 16 asambleas comunitarias de San Mateo del Mar, pero que recientemente fue depuesto por el Consejo General del IEEPCO.<\/p>\n\n\n\n<figure class=\"wp-block-embed is-type-rich is-provider-twitter wp-block-embed-twitter\"><div class=\"wp-block-embed__wrapper\">\n<div class=\"twitter-tweet\"><blockquote class=\"twitter-tweet\" data-lang=\"es\"><p lang=\"es\" dir=\"ltr\"><a href=\"https:\/\/twitter.com\/hashtag\/%C3%9AltimoMinuto?src=hash&amp;ref_src=twsrc%5Etfw\">#\u00daltimoMinuto<\/a> <br>Tras la detenci\u00f3n de un probable involucrado en la masacre de 15 personas, entre ellas dos mujeres, familiares de v\u00edctimas acusaron lentitud de la <a href=\"https:\/\/twitter.com\/FISCALIA_GobOax?ref_src=twsrc%5Etfw\">@FISCALIA_GobOax<\/a>, pues son m\u00e1s de 160 \u00f3rdenes de aprehensi\u00f3n que tiene pendientes desde hace m\u00e1s de un a\u00f1o. <a href=\"https:\/\/t.co\/PK33Msd4cj\">pic.twitter.com\/PK33Msd4cj<\/a><\/p>&mdash; Zona Roja Oaxaca (@Zona_Roja_Oax) <a href=\"https:\/\/twitter.com\/Zona_Roja_Oax\/status\/1460733705920548866?ref_src=twsrc%5Etfw\">16 de noviembre de 2021<\/a><\/blockquote><\/div>\n<\/div><\/figure>\n","protected":false},"excerpt":{"rendered":"<p>Redacci\u00f3n\/Zona Roja. Oaxaca de Ju\u00e1rez, Oax., 16 de noviembre de 2021.- Familiares de v\u00edctimas de&hellip;<\/p>\n","protected":false},"author":2,"featured_media":34369,"comment_status":"closed","ping_status":"open","sticky":false,"template":"","format":"standard","meta":{"_lmt_disableupdate":"","_lmt_disable":"","_jetpack_memberships_contains_paid_content":false,"footnotes":""},"categories":[109,47],"tags":[1656],"class_list":["post-34368","post","type-post","status-publish","format-standard","has-post-thumbnail","hentry","category-minuto-a-minuto","category-zona-gris","tag-huazantlan-del-rio"],"jetpack_featured_media_url":"https:\/\/zonaroja.com.mx\/wp-content\/uploads\/2021\/11\/Conferencia-Huazantlan.jpg","jetpack_sharing_enabled":true,"_links":{"self":[{"href":"https:\/\/zonaroja.com.mx\/index.php?rest_route=\/wp\/v2\/posts\/34368","targetHints":{"allow":["GET"]}}],"collection":[{"href":"https:\/\/zonaroja.com.mx\/index.php?rest_route=\/wp\/v2\/posts"}],"about":[{"href":"https:\/\/zonaroja.com.mx\/index.php?rest_route=\/wp\/v2\/types\/post"}],"author":[{"embeddable":true,"href":"https:\/\/zonaroja.com.mx\/index.php?rest_route=\/wp\/v2\/users\/2"}],"replies":[{"embeddable":true,"href":"https:\/\/zonaroja.com.mx\/index.php?rest_route=%2Fwp%2Fv2%2Fcomments&post=34368"}],"version-history":[{"count":1,"href":"https:\/\/zonaroja.com.mx\/index.php?rest_route=\/wp\/v2\/posts\/34368\/revisions"}],"predecessor-version":[{"id":34370,"href":"https:\/\/zonaroja.com.mx\/index.php?rest_route=\/wp\/v2\/posts\/34368\/revisions\/34370"}],"wp:featuredmedia":[{"embeddable":true,"href":"https:\/\/zonaroja.com.mx\/index.php?rest_route=\/wp\/v2\/media\/34369"}],"wp:attachment":[{"href":"https:\/\/zonaroja.com.mx\/index.php?rest_route=%2Fwp%2Fv2%2Fmedia&parent=34368"}],"wp:term":[{"taxonomy":"category","embeddable":true,"href":"https:\/\/zonaroja.com.mx\/index.php?rest_route=%2Fwp%2Fv2%2Fcategories&post=34368"},{"taxonomy":"post_tag","embeddable":true,"href":"https:\/\/zonaroja.com.mx\/index.php?rest_route=%2Fwp%2Fv2%2Ftags&post=34368"}],"curies":[{"name":"wp","href":"https:\/\/api.w.org\/{rel}","templated":true}]}}