{"id":34371,"date":"2021-11-16T21:38:17","date_gmt":"2021-11-17T03:38:17","guid":{"rendered":"http:\/\/www.zonaroja.com.mx\/?p=34371"},"modified":"2021-11-16T21:38:20","modified_gmt":"2021-11-17T03:38:20","slug":"insisten-normalistas-docentes-con-actos-vandalicos","status":"publish","type":"post","link":"https:\/\/zonaroja.com.mx\/?p=34371","title":{"rendered":"Insisten normalistas-docentes con actos vand\u00e1licos"},"content":{"rendered":"\n<p>Redacci\u00f3n\/Zona Roja.<\/p>\n\n\n\n<p>Oaxaca de Ju\u00e1rez, Oax., 16 de noviembre de 2021.- Por segundo d\u00eda, docentes-estudiantes de la Escuela Normal Superior Federal de Oaxaca (ENSFO) se mantienen atrincherados en ese plantel, ubicado en Santa Cruz Xoxocotl\u00e1n.<\/p>\n\n\n\n<p>Adem\u00e1s, tambi\u00e9n por segundo d\u00eda, se apoderaron de la caseta de peaje Huitzo, de la supercarretera Oaxaca-Cuacnopala, para cobrar cuotas y financiar su movimiento.<\/p>\n\n\n\n<p>Ayer lunes, fueron interceptados a bordo de autobuses del transporte urbano, cuando pretend\u00edan efectuar acciones violentas, en el marco del V Informe del gobernador Alejandro Murat, pues llevaban llantas usadas para quemar en la v\u00eda p\u00fablica, as\u00ed como bombas molotov.<\/p>\n\n\n\n<p>Fueron elementos de la Polic\u00eda Estatal quienes los detuvieron y los escoltaron hasta la sede de la ENSFO, donde se mantienen atrincherados.<\/p>\n\n\n\n<p>Sin embargo, los propios oaxaque\u00f1os han expresado su irritaci\u00f3n por las acciones vand\u00e1licas, que han incluido la retenci\u00f3n y saqueo de camiones de mercanc\u00edas.<\/p>\n\n\n\n<p>Por ello, han demandado a las autoridades aplique mano firme con el fin de evitar que sea alterado el orden p\u00fablico y la paz social de los oaxaque\u00f1os.<\/p>\n\n\n\n<p>Hasta el momento los docentes-normalistas no han expresado el motivo de su movimiento y la semana pasada tambi\u00e9n protestaron con un bloqueo a la avenida L\u00e1zaro C\u00e1rdenas de Santa Luc\u00eda del Camino, frente al Centro Cultural y de Convenciones.<\/p>\n\n\n\n<p>Desde entonces, oaxaque\u00f1os y visitantes han tenido que sufrir la retenci\u00f3n de camiones del transporte p\u00fablico, el bloqueo avenidas y casetas, actos vand\u00e1licos en comercios, entre otros.<\/p>\n\n\n\n<p>Ello, pese a que las autoridades han establecido una l\u00ednea abierta al di\u00e1logo, para la soluci\u00f3n de sus demandas; siempre respetando y entablando mesas de trabajo, en las que se vean beneficiadas ambas partes.<\/p>\n","protected":false},"excerpt":{"rendered":"<p>Redacci\u00f3n\/Zona Roja. Oaxaca de Ju\u00e1rez, Oax., 16 de noviembre de 2021.- Por segundo d\u00eda, docentes-estudiantes&hellip;<\/p>\n","protected":false},"author":2,"featured_media":34372,"comment_status":"closed","ping_status":"open","sticky":false,"template":"","format":"standard","meta":{"_lmt_disableupdate":"","_lmt_disable":"","_jetpack_memberships_contains_paid_content":false,"footnotes":""},"categories":[109,47],"tags":[],"class_list":["post-34371","post","type-post","status-publish","format-standard","has-post-thumbnail","hentry","category-minuto-a-minuto","category-zona-gris"],"jetpack_featured_media_url":"https:\/\/zonaroja.com.mx\/wp-content\/uploads\/2021\/11\/Normalistas-detenidos-Oaxaca.jpg","jetpack_sharing_enabled":true,"_links":{"self":[{"href":"https:\/\/zonaroja.com.mx\/index.php?rest_route=\/wp\/v2\/posts\/34371","targetHints":{"allow":["GET"]}}],"collection":[{"href":"https:\/\/zonaroja.com.mx\/index.php?rest_route=\/wp\/v2\/posts"}],"about":[{"href":"https:\/\/zonaroja.com.mx\/index.php?rest_route=\/wp\/v2\/types\/post"}],"author":[{"embeddable":true,"href":"https:\/\/zonaroja.com.mx\/index.php?rest_route=\/wp\/v2\/users\/2"}],"replies":[{"embeddable":true,"href":"https:\/\/zonaroja.com.mx\/index.php?rest_route=%2Fwp%2Fv2%2Fcomments&post=34371"}],"version-history":[{"count":1,"href":"https:\/\/zonaroja.com.mx\/index.php?rest_route=\/wp\/v2\/posts\/34371\/revisions"}],"predecessor-version":[{"id":34373,"href":"https:\/\/zonaroja.com.mx\/index.php?rest_route=\/wp\/v2\/posts\/34371\/revisions\/34373"}],"wp:featuredmedia":[{"embeddable":true,"href":"https:\/\/zonaroja.com.mx\/index.php?rest_route=\/wp\/v2\/media\/34372"}],"wp:attachment":[{"href":"https:\/\/zonaroja.com.mx\/index.php?rest_route=%2Fwp%2Fv2%2Fmedia&parent=34371"}],"wp:term":[{"taxonomy":"category","embeddable":true,"href":"https:\/\/zonaroja.com.mx\/index.php?rest_route=%2Fwp%2Fv2%2Fcategories&post=34371"},{"taxonomy":"post_tag","embeddable":true,"href":"https:\/\/zonaroja.com.mx\/index.php?rest_route=%2Fwp%2Fv2%2Ftags&post=34371"}],"curies":[{"name":"wp","href":"https:\/\/api.w.org\/{rel}","templated":true}]}}