{"id":34374,"date":"2021-11-17T08:00:00","date_gmt":"2021-11-17T14:00:00","guid":{"rendered":"http:\/\/www.zonaroja.com.mx\/?p=34374"},"modified":"2021-11-17T08:29:05","modified_gmt":"2021-11-17T14:29:05","slug":"demandan-diversas-ong-acelerar-busqueda-de-ambientalista-irma-galindo","status":"publish","type":"post","link":"https:\/\/zonaroja.com.mx\/?p=34374","title":{"rendered":"Demandan diversas ONG acelerar b\u00fasqueda de ambientalista Irma Galindo"},"content":{"rendered":"\n<p>Ismael Garc\u00eda M.\/Zona Roja.<\/p>\n\n\n\n<p>Oaxaca de Ju\u00e1rez, Oax., 17 de noviembre de 2021.- Diversos organismos civiles nacionales y estatales se pronunciaron para exigir a la Fiscal\u00eda General del Estado de Oaxaca agilizar la b\u00fasqueda de la ambientalista Irma Galindo Barrios.<\/p>\n\n\n\n<p>Una de las agrupaciones es el Espacio Estatal de Defensa del Ma\u00edz Nativo de Oaxaca, que exigi\u00f3 la presentaci\u00f3n con vida de manera inmediata de la activista que desapareci\u00f3 en octubre pasado, seg\u00fan la Fiscal\u00eda, en la Ciudad de M\u00e9xico.<\/p>\n\n\n\n<p>\u201cLa vida de la defensora del bosque corre peligro por sus denuncias contra la tala ilegal en Atatlahuca: denunci\u00f3 a talamontes y a autoridades que los proteg\u00edan.<\/p>\n\n\n\n<p>\u201cPor lo que el Espacio de Ma\u00edz exige la b\u00fasqueda exhaustiva, sin dilaciones y en apego a la ley general y la ley estatal en materia de desaparici\u00f3n de personas, considerando adem\u00e1s que el pasado 22 de abril del presente, entr\u00f3 en vigor el Acuerdo de Escaz\u00fa que ha sido suscrito por M\u00e9xico, adquiriendo el estado la responsabilidad de proteger a las defensoras y defensores del ambiente y el territorio\u201d, expuso.<\/p>\n\n\n\n<p>Seg\u00fan las redes sociales de la Fiscal\u00eda, a Ia ambientalista oaxaque\u00f1a, se le vio por \u00faltima vez en el Metro \u201cBarranca del Muerto\u201d, en la Alcald\u00eda \u00c1lvaro Obreg\u00f3n, en la Ciudad de M\u00e9xico.<\/p>\n\n\n\n<p>La Unidad de B\u00fasqueda de Personas No localizadas, de la Fiscal\u00eda General del Estado de Oaxaca actualiz\u00f3 la ubicaci\u00f3n del sitio donde la vieron; en un principio sus amistades denunciaron la desaparecido en la comunidad de Mier y Ter\u00e1n, en el municipio de San Esteban Atatlahuca, en la regi\u00f3n Mixteca.<\/p>\n\n\n\n<p>Organizaciones sociales de Oaxaca invitan a una marcha exigiendo la presentaci\u00f3n de Irma Galindo, este mi\u00e9rcoles 17 a las 10:00 horas en la capital.<\/p>\n\n\n\n<p>TAMBI\u00c9N EL FIOB<\/p>\n\n\n\n<p>Tambi\u00e9n el Consejo Estatal del Frente Ind\u00edgena de Organizaciones Binacionales (FIOB) emiti\u00f3 un pronunciamiento para exigir al Estado mexicano la aparici\u00f3n con vida de la activista.<\/p>\n\n\n\n<p>De acuerdo con Oralia Maceda M\u00e9ndez, asesora de esa organizaci\u00f3n con representaci\u00f3n en Oaxaca y en los Estados Unidos de Norteam\u00e9rica, este es un caso m\u00e1s de impunidad y de agresiones en contra de los ind\u00edgenas que defienden sus tierras y sus recursos naturales.<\/p>\n\n\n\n<p>Exigi\u00f3 a las autoridades mexicanas y oaxaque\u00f1as acelerar la b\u00fasqueda de Galindo Barrios y dijo que el FIOB se mantendr\u00e1 atento al desarrollo de las acciones gubernamentales.<\/p>\n","protected":false},"excerpt":{"rendered":"<p>Ismael Garc\u00eda M.\/Zona Roja. Oaxaca de Ju\u00e1rez, Oax., 17 de noviembre de 2021.- Diversos organismos&hellip;<\/p>\n","protected":false},"author":2,"featured_media":5859,"comment_status":"closed","ping_status":"open","sticky":false,"template":"","format":"standard","meta":{"_lmt_disableupdate":"","_lmt_disable":"","_jetpack_memberships_contains_paid_content":false,"footnotes":""},"categories":[109,47],"tags":[2948],"class_list":["post-34374","post","type-post","status-publish","format-standard","has-post-thumbnail","hentry","category-minuto-a-minuto","category-zona-gris","tag-irma-galindo-barrios"],"jetpack_featured_media_url":"https:\/\/zonaroja.com.mx\/wp-content\/uploads\/2019\/11\/Irma-Galindo-Atatlahuca.jpg","jetpack_sharing_enabled":true,"_links":{"self":[{"href":"https:\/\/zonaroja.com.mx\/index.php?rest_route=\/wp\/v2\/posts\/34374","targetHints":{"allow":["GET"]}}],"collection":[{"href":"https:\/\/zonaroja.com.mx\/index.php?rest_route=\/wp\/v2\/posts"}],"about":[{"href":"https:\/\/zonaroja.com.mx\/index.php?rest_route=\/wp\/v2\/types\/post"}],"author":[{"embeddable":true,"href":"https:\/\/zonaroja.com.mx\/index.php?rest_route=\/wp\/v2\/users\/2"}],"replies":[{"embeddable":true,"href":"https:\/\/zonaroja.com.mx\/index.php?rest_route=%2Fwp%2Fv2%2Fcomments&post=34374"}],"version-history":[{"count":2,"href":"https:\/\/zonaroja.com.mx\/index.php?rest_route=\/wp\/v2\/posts\/34374\/revisions"}],"predecessor-version":[{"id":34391,"href":"https:\/\/zonaroja.com.mx\/index.php?rest_route=\/wp\/v2\/posts\/34374\/revisions\/34391"}],"wp:featuredmedia":[{"embeddable":true,"href":"https:\/\/zonaroja.com.mx\/index.php?rest_route=\/wp\/v2\/media\/5859"}],"wp:attachment":[{"href":"https:\/\/zonaroja.com.mx\/index.php?rest_route=%2Fwp%2Fv2%2Fmedia&parent=34374"}],"wp:term":[{"taxonomy":"category","embeddable":true,"href":"https:\/\/zonaroja.com.mx\/index.php?rest_route=%2Fwp%2Fv2%2Fcategories&post=34374"},{"taxonomy":"post_tag","embeddable":true,"href":"https:\/\/zonaroja.com.mx\/index.php?rest_route=%2Fwp%2Fv2%2Ftags&post=34374"}],"curies":[{"name":"wp","href":"https:\/\/api.w.org\/{rel}","templated":true}]}}