{"id":34376,"date":"2021-11-17T10:50:00","date_gmt":"2021-11-17T16:50:00","guid":{"rendered":"http:\/\/www.zonaroja.com.mx\/?p=34376"},"modified":"2021-11-16T22:20:11","modified_gmt":"2021-11-17T04:20:11","slug":"opinion-a-proposito-de-la-austeridad-la-vida-y-el-amor","status":"publish","type":"post","link":"https:\/\/zonaroja.com.mx\/?p=34376","title":{"rendered":"Opini\u00f3n. A prop\u00f3sito de la austeridad, la vida y el amor"},"content":{"rendered":"\n<p>Gibr\u00e1n Ram\u00edrez Reyes*<\/p>\n\n\n\n<p>Este texto no contiene moraleja alguna, sino apenas una pincelada hist\u00f3rica de dos de mis superh\u00e9roes favoritos.<\/p>\n\n\n\n<p>Adem\u00e1s de ser un sobrio icono de la lucha pac\u00edfica por el socialismo, Salvador Allende era un hombre de gustos refinados, lo que le vali\u00f3, desde chico, los apodos de \u201cpije\u201d o \u201cpollo fino\u201d.<\/p>\n\n\n\n<p>No s\u00f3lo le gustaba vestir bien, con ropa a la medida hecha con telas importadas (desde las pijamas hasta los trajes de calle), era un bebedor que sab\u00eda apreciar el buen whiskey escoc\u00e9s y un hombre culto que sab\u00eda distinguir entre lo bueno y lo mejor.<\/p>\n\n\n\n<p>Una vez, seg\u00fan relata Julio Scherer Garc\u00eda en \u201cPinochet: vivir matando\u201d, un dem\u00f3crata cristiano le reclam\u00f3 su predilecci\u00f3n por las telas inglesas, la ropa a la medida, los zapatos italianos, el abrigo de pelo de camello.<\/p>\n\n\n\n<p>\u201cTiene usted raz\u00f3n. Pero s\u00f3lo por fuera. Me gusta la vida, mucho, la vida es para vivirla con \u00e1nimo abierto sin ocultarse en rincones ni hipocres\u00edas. Me gusta el licor importado y tengo ojos para las mujeres. La vida es como el sol y la luna, los contrastes que dan unidad al ser humano. Pero por dentro soy un luchador, treinta a\u00f1os en la oposici\u00f3n, socialista desde el primer d\u00eda. Me ato al rigor, a los principios que me comprometen, la lealtad a los amigos. De mi condici\u00f3n de \u2018pije\u2019 da cuenta mi ropa, de mi condici\u00f3n de hombre da cuenta mi vida\u201d.<\/p>\n\n\n\n<p>Una de las \u00faltimas compa\u00f1eras del dirigente, quien en efecto ten\u00eda ojos para las mujeres, fue Gloria Gait\u00e1n, hija del dirigente pol\u00edtico m\u00e1s importante en la historia moderna de Colombia, Jorge Eli\u00e9cer Gait\u00e1n.<\/p>\n\n\n\n<p>Ella lo hab\u00eda conocido, junto a L\u00e1zaro C\u00e1rdenas, en 1959, en La Habana, y vio la oportunidad de acompa\u00f1ar en un hombre virtudes como las que advirti\u00f3 en su padre, cosa que hizo hasta antes del golpe del 73.<\/p>\n\n\n\n<p>En su libro \u201cBol\u00edvar tuvo un caballo blanco, mi padre un Buick\u201d, la hija del dirigente rememora el gusto de Gait\u00e1n por los buenos autom\u00f3viles que procuraba cambiar cada a\u00f1o o cada dos. Gait\u00e1n prefer\u00eda los autos m\u00e1s potentes no por simple estatus, sino que los utilizaba para recorrer el pa\u00eds recogiendo dolores populares y sembrando una nueva fuerza pol\u00edtica que pudiera resolverlos.<\/p>\n\n\n\n<p>Acaso por no ser blanco, por ser el hijo de una maestra de escuela y de un vendedor de libros de segunda mano, a Gait\u00e1n el lujo le era m\u00e1s recriminado que a Allende.<\/p>\n\n\n\n<p>Sus autos, que viviera en un barrio privilegiado y reivindicara la movilidad social cuando era producto del m\u00e9rito, su estilo de vestir y todas aquellas costumbres que tom\u00f3 sin dejar de lado otras, como jugar tejo o comer comidas populares, eran vistos por algunos como traici\u00f3n.<\/p>\n\n\n\n<p>Gait\u00e1n, como toda la izquierda, pretend\u00eda que el pueblo tuviera acceso, primero, a la higiene, la salud y la dignidad que se le hab\u00eda negado y, despu\u00e9s, a la est\u00e9tica, al goce y a la modernidad que hab\u00eda excluido a las mayor\u00edas.<\/p>\n\n\n\n<p>Ese deseo y esa lucha le trajo, desde luego, el odio de los conservadores, pero tambi\u00e9n de segmentos populares que vieron con desconfianza el modo de vida de Gait\u00e1n, su ejercicio profesional como abogado de personas ricas \u2013aun cuando defend\u00eda tambi\u00e9n a pobres y sin cobrarles\u2014, y la pretensi\u00f3n de cambiar usos y costumbres tan tradicionales como opresores.<\/p>\n\n\n\n<p>Ni Gait\u00e1n ni Allende son recordados como fr\u00edvolos o extravagantes. De los recorridos por Colombia, lo que menos se recuerda es el autom\u00f3vil en que \u201cEl Jefe\u201d los hac\u00eda.<\/p>\n\n\n\n<p>*Doctor en ciencia pol\u00edtica.<\/p>\n","protected":false},"excerpt":{"rendered":"<p>Gibr\u00e1n Ram\u00edrez Reyes* Este texto no contiene moraleja alguna, sino apenas una pincelada hist\u00f3rica de&hellip;<\/p>\n","protected":false},"author":2,"featured_media":24099,"comment_status":"closed","ping_status":"open","sticky":false,"template":"","format":"standard","meta":{"_lmt_disableupdate":"","_lmt_disable":"","_jetpack_memberships_contains_paid_content":false,"footnotes":""},"categories":[456,109],"tags":[2489],"class_list":["post-34376","post","type-post","status-publish","format-standard","has-post-thumbnail","hentry","category-columna","category-minuto-a-minuto","tag-gibran-ramirez-reyes"],"jetpack_featured_media_url":"https:\/\/zonaroja.com.mx\/wp-content\/uploads\/2021\/02\/Gibran-Ramirez-Reyes.jpg","jetpack_sharing_enabled":true,"_links":{"self":[{"href":"https:\/\/zonaroja.com.mx\/index.php?rest_route=\/wp\/v2\/posts\/34376","targetHints":{"allow":["GET"]}}],"collection":[{"href":"https:\/\/zonaroja.com.mx\/index.php?rest_route=\/wp\/v2\/posts"}],"about":[{"href":"https:\/\/zonaroja.com.mx\/index.php?rest_route=\/wp\/v2\/types\/post"}],"author":[{"embeddable":true,"href":"https:\/\/zonaroja.com.mx\/index.php?rest_route=\/wp\/v2\/users\/2"}],"replies":[{"embeddable":true,"href":"https:\/\/zonaroja.com.mx\/index.php?rest_route=%2Fwp%2Fv2%2Fcomments&post=34376"}],"version-history":[{"count":1,"href":"https:\/\/zonaroja.com.mx\/index.php?rest_route=\/wp\/v2\/posts\/34376\/revisions"}],"predecessor-version":[{"id":34377,"href":"https:\/\/zonaroja.com.mx\/index.php?rest_route=\/wp\/v2\/posts\/34376\/revisions\/34377"}],"wp:featuredmedia":[{"embeddable":true,"href":"https:\/\/zonaroja.com.mx\/index.php?rest_route=\/wp\/v2\/media\/24099"}],"wp:attachment":[{"href":"https:\/\/zonaroja.com.mx\/index.php?rest_route=%2Fwp%2Fv2%2Fmedia&parent=34376"}],"wp:term":[{"taxonomy":"category","embeddable":true,"href":"https:\/\/zonaroja.com.mx\/index.php?rest_route=%2Fwp%2Fv2%2Fcategories&post=34376"},{"taxonomy":"post_tag","embeddable":true,"href":"https:\/\/zonaroja.com.mx\/index.php?rest_route=%2Fwp%2Fv2%2Ftags&post=34376"}],"curies":[{"name":"wp","href":"https:\/\/api.w.org\/{rel}","templated":true}]}}