{"id":34378,"date":"2021-11-17T09:00:00","date_gmt":"2021-11-17T15:00:00","guid":{"rendered":"http:\/\/www.zonaroja.com.mx\/?p=34378"},"modified":"2021-11-16T22:23:54","modified_gmt":"2021-11-17T04:23:54","slug":"imparte-poder-judicial-del-estado-curso-especializado-en-derechos-indigenas","status":"publish","type":"post","link":"https:\/\/zonaroja.com.mx\/?p=34378","title":{"rendered":"Imparte Poder Judicial del Estado curso especializado en derechos ind\u00edgenas"},"content":{"rendered":"\n<p>Redacci\u00f3n\/Zona Roja.<\/p>\n\n\n\n<p>Oaxaca de Ju\u00e1rez, Oax., 17 de noviembre de 2021.- Como parte de las acciones derivadas del convenio de colaboraci\u00f3n con el Instituto Nacional de los Pueblos Ind\u00edgenas (INPI) y en coordinaci\u00f3n con el Programa Pluralismo Jur\u00eddico &amp; Eficacia de Derechos del Centro de Investigaciones y Estudios Superiores en Antropolog\u00eda Social (PLURAL-CIESAS), el Poder Judicial del Estado imparte el curso especializado en Derechos Ind\u00edgenas.<\/p>\n\n\n\n<p>Esta actividad acad\u00e9mica, en la que se inscribieron 166 personas, tiene la finalidad de contribuir en la salvaguarda, defensa y promoci\u00f3n de los derechos de los pueblos ind\u00edgenas y afromexicano del pa\u00eds, a trav\u00e9s de la implementaci\u00f3n de un espacio que permita no s\u00f3lo el di\u00e1logo y reflexi\u00f3n sino tambi\u00e9n la formaci\u00f3n alternativa, pluralista e interdisciplinaria sobre el tema.<\/p>\n\n\n\n<p>La duraci\u00f3n es de 13 m\u00f3dulos, mismos que se desarrollan mediante sesiones virtuales de tres horas cada martes y jueves de 17:00 a 20:00 horas y los d\u00edas s\u00e1bados en un horario de 10:00 a 13:00 horas. Dio inicio el tres de noviembre y finalizar\u00e1 en el mes de diciembre del presente a\u00f1o.<\/p>\n\n\n\n<p>El plan de estudios est\u00e1 conformado por temas como naci\u00f3n pluricultural; derechos de los pueblos ind\u00edgenas en el \u00e1mbito internacional y nacional; tierras, territorios ind\u00edgenas y recursos naturales; educaci\u00f3n y salud; racismo; justicia ind\u00edgena; g\u00e9nero, justicia e interseccionalidad, entre otros.<\/p>\n\n\n\n<p>El curso est\u00e1 dirigido principalmente al personal jurisdiccional y administrativo del Tribunal Superior de Justicia y del Consejo de la Judicatura, autoridades comunitarias, l\u00edderes, defensoras y defensores, as\u00ed como personas ind\u00edgenas o afromexicanas que deseen adquirir conocimientos y herramientas para la defensa de sus derechos o que se encuentren litigando en materia ind\u00edgena.<\/p>\n\n\n\n<p>De los 166 participantes, el 78 por ciento es de origen ind\u00edgena y un 51.8 por ciento hablante de una lengua ind\u00edgena.<\/p>\n\n\n\n<p>De esta manera el Poder Judicial fortalece y consolida en el quehacer jurisdiccional una visi\u00f3n pluralista y de respeto hacia los derechos humanos de las personas que forman parte de las comunidades y pueblos originarios, considerando a su vez la coexistencia de una diversidad de sus sistemas normativos y jur\u00eddicos.<\/p>\n","protected":false},"excerpt":{"rendered":"<p>Redacci\u00f3n\/Zona Roja. Oaxaca de Ju\u00e1rez, Oax., 17 de noviembre de 2021.- Como parte de las&hellip;<\/p>\n","protected":false},"author":2,"featured_media":34379,"comment_status":"closed","ping_status":"open","sticky":false,"template":"","format":"standard","meta":{"_lmt_disableupdate":"","_lmt_disable":"","_jetpack_memberships_contains_paid_content":false,"footnotes":""},"categories":[109,46],"tags":[223],"class_list":["post-34378","post","type-post","status-publish","format-standard","has-post-thumbnail","hentry","category-minuto-a-minuto","category-zona-blanca","tag-poder-judicial-de-oaxaca"],"jetpack_featured_media_url":"https:\/\/zonaroja.com.mx\/wp-content\/uploads\/2021\/11\/Se-imparte-curso-virtual-sobre-derechos-indigenas.jpg","jetpack_sharing_enabled":true,"_links":{"self":[{"href":"https:\/\/zonaroja.com.mx\/index.php?rest_route=\/wp\/v2\/posts\/34378","targetHints":{"allow":["GET"]}}],"collection":[{"href":"https:\/\/zonaroja.com.mx\/index.php?rest_route=\/wp\/v2\/posts"}],"about":[{"href":"https:\/\/zonaroja.com.mx\/index.php?rest_route=\/wp\/v2\/types\/post"}],"author":[{"embeddable":true,"href":"https:\/\/zonaroja.com.mx\/index.php?rest_route=\/wp\/v2\/users\/2"}],"replies":[{"embeddable":true,"href":"https:\/\/zonaroja.com.mx\/index.php?rest_route=%2Fwp%2Fv2%2Fcomments&post=34378"}],"version-history":[{"count":1,"href":"https:\/\/zonaroja.com.mx\/index.php?rest_route=\/wp\/v2\/posts\/34378\/revisions"}],"predecessor-version":[{"id":34380,"href":"https:\/\/zonaroja.com.mx\/index.php?rest_route=\/wp\/v2\/posts\/34378\/revisions\/34380"}],"wp:featuredmedia":[{"embeddable":true,"href":"https:\/\/zonaroja.com.mx\/index.php?rest_route=\/wp\/v2\/media\/34379"}],"wp:attachment":[{"href":"https:\/\/zonaroja.com.mx\/index.php?rest_route=%2Fwp%2Fv2%2Fmedia&parent=34378"}],"wp:term":[{"taxonomy":"category","embeddable":true,"href":"https:\/\/zonaroja.com.mx\/index.php?rest_route=%2Fwp%2Fv2%2Fcategories&post=34378"},{"taxonomy":"post_tag","embeddable":true,"href":"https:\/\/zonaroja.com.mx\/index.php?rest_route=%2Fwp%2Fv2%2Ftags&post=34378"}],"curies":[{"name":"wp","href":"https:\/\/api.w.org\/{rel}","templated":true}]}}