{"id":3438,"date":"2019-08-27T07:49:21","date_gmt":"2019-08-27T12:49:21","guid":{"rendered":"http:\/\/www.zonaroja.com.mx\/?p=3438"},"modified":"2019-08-27T07:49:23","modified_gmt":"2019-08-27T12:49:23","slug":"en-inicio-de-ciclo-escolar-equipan-a-escuelas-de-zona-mixe","status":"publish","type":"post","link":"https:\/\/zonaroja.com.mx\/?p=3438","title":{"rendered":"En inicio de ciclo escolar, equipan a escuelas de zona Mixe"},"content":{"rendered":"\n<p>Redacci\u00f3n\/Zona\nRoja.<\/p>\n\n\n\n<p>Oaxaca de\nJu\u00e1rez, Oax., 27 de agosto de 2019.- En el inicio del ciclo escolar,\nautoridades estatales entregaron equipos de c\u00f3mputo y materiales a 80 planteles\nde 113 municipios de la zona Mixe.<\/p>\n\n\n\n<p>El acto se\nefectu\u00f3 este lunes en Santiago Ixcuintepec, donde el Instituto Estatal de\nEducaci\u00f3n P\u00fablica de Oaxaca dio inicio al ciclo escolar 2019-2020.<\/p>\n\n\n\n<p>El titular\nde la instituci\u00f3n, Francisco \u00c1ngel Villarreal, inform\u00f3 que con esta entregase\nreafirma el compromiso del Gobierno de Oaxaca que encabeza Alejandro Murat\nHinojosa para abatir el rezago educativo, especialmente en las comunidades\nind\u00edgenas de alta marginaci\u00f3n.<\/p>\n\n\n\n<p>\u00abEl gobernador est\u00e1 muy interesado en llevar beneficios al magisterio para que puedan realizan su importante labor de ense\u00f1anza y que tambi\u00e9n las y los ni\u00f1os tengan mejores oportunidades\u00bb, afirm\u00f3 al tiempo de se\u00f1alar que esta entrega beneficia a cinco mil estudiantes de la zona y requiri\u00f3 una inversi\u00f3n de 3.6 millones de pesos.<\/p>\n\n\n\n<figure class=\"wp-block-image\"><img decoding=\"async\" width=\"1024\" height=\"682\" src=\"http:\/\/www.zonaroja.com.mx\/wp-content\/uploads\/2019\/08\/Inicio-ciclo-escolar-2019-2020-Ixcuintepec-3-1024x682.jpg\" alt=\"\" class=\"wp-image-3440\" srcset=\"https:\/\/zonaroja.com.mx\/wp-content\/uploads\/2019\/08\/Inicio-ciclo-escolar-2019-2020-Ixcuintepec-3-1024x682.jpg 1024w, https:\/\/zonaroja.com.mx\/wp-content\/uploads\/2019\/08\/Inicio-ciclo-escolar-2019-2020-Ixcuintepec-3-300x200.jpg 300w, https:\/\/zonaroja.com.mx\/wp-content\/uploads\/2019\/08\/Inicio-ciclo-escolar-2019-2020-Ixcuintepec-3-768x512.jpg 768w, https:\/\/zonaroja.com.mx\/wp-content\/uploads\/2019\/08\/Inicio-ciclo-escolar-2019-2020-Ixcuintepec-3-1170x780.jpg 1170w, https:\/\/zonaroja.com.mx\/wp-content\/uploads\/2019\/08\/Inicio-ciclo-escolar-2019-2020-Ixcuintepec-3-585x390.jpg 585w, https:\/\/zonaroja.com.mx\/wp-content\/uploads\/2019\/08\/Inicio-ciclo-escolar-2019-2020-Ixcuintepec-3-263x175.jpg 263w, https:\/\/zonaroja.com.mx\/wp-content\/uploads\/2019\/08\/Inicio-ciclo-escolar-2019-2020-Ixcuintepec-3.jpg 1280w\" sizes=\"(max-width: 1024px) 100vw, 1024px\" \/><\/figure>\n\n\n\n<p>Durante este\nacto realizado en la explanada c\u00edvica de esta comunidad, \u00c1ngel Villarreal agreg\u00f3\npara el gobierno, abatir el rezago educativo se ha convertido en una prioridad,\ntoda vez que m\u00e1s all\u00e1\u0301 de un derecho, la educaci\u00f3n es una herramienta que\ncontribuye al desarrollo social de la entidad.<\/p>\n\n\n\n<p>En este\nsentido, asever\u00f3 que desde el inicio de su gobierno se lleva a cabo una\nestrategia integral enfocada a garantizar el ingreso, permanencia y conclusi\u00f3n\nde estudios mediante acciones como la entrega de uniformes y \u00fatiles escolares,\nbecas y dotaci\u00f3n de alimentos en las escuelas.<\/p>\n\n\n\n<p>En este reto\n-dijo- el magisterio se ha convertido en un gran aliado, prueba de ello es que\ncomo resultado del trabajo coordinado, se trabaja en una estrategia que\npermitir\u00e1 apoyar a las comunidades ind\u00edgenas con maestros, incorporando a la\ndocencia a j\u00f3venes de la misma localidad con bachillerato o licenciatura concluida.<\/p>\n\n\n\n<p>\u00abCon\nesta estrategia se podr\u00e1 atender esta problem\u00e1tica y al mismo tiempo se dar\u00e1\nempleo a las y los j\u00f3venes bachilleres y profesionistas que est\u00e1n en cada una\nde las localidades, que hablan la lengua originaria y que no necesitan traducir\ndos veces para ense\u00f1ar en las escuelas\u00bb, afirm\u00f3.<\/p>\n\n\n\n<p>En el mismo\nacto, el DIF estatal inici\u00f2 el programa de Desayunos Escolares Fr\u00edos 2019-2020\nque tiene la finalidad de contribuir a la seguridad alimentaria de las y los\nni\u00f1os inscritos en escuelas p\u00fablicas de los niveles de educaci\u00f3n preescolar y\nprimaria, situadas en municipios de alta y muy alta marginaci\u00f3n o con carencia\nalimentaria.<\/p>\n\n\n\n<p>A trav\u00e9s\nesta estrategia en la que se invierten 275 millones de pesos, se atienden a 106\nmil ni\u00f1as y ni\u00f1os de mil 700 escuelas de toda la entidad.<\/p>\n\n\n\n<p>La puesta en\nmarcha de este programa en esta zona mixe, beneficiar\u00e1 a 983 ni\u00f1as y ni\u00f1os,\nespecialmente de los municipios de Santiago Ixcuintepec, San Miguel\nQuetzaltepec y San Lucas Camotl\u00e1n.<\/p>\n","protected":false},"excerpt":{"rendered":"<p>Redacci\u00f3n\/Zona Roja. Oaxaca de Ju\u00e1rez, Oax., 27 de agosto de 2019.- En el inicio del&hellip;<\/p>\n","protected":false},"author":2,"featured_media":3439,"comment_status":"closed","ping_status":"open","sticky":false,"template":"","format":"standard","meta":{"_lmt_disableupdate":"","_lmt_disable":"","_jetpack_memberships_contains_paid_content":false,"footnotes":""},"categories":[109,46],"tags":[599],"class_list":["post-3438","post","type-post","status-publish","format-standard","has-post-thumbnail","hentry","category-minuto-a-minuto","category-zona-blanca","tag-instituto-estatal-de-educacion-publica-de-oaxaca"],"jetpack_featured_media_url":"https:\/\/zonaroja.com.mx\/wp-content\/uploads\/2019\/08\/Inicio-ciclo-escolar-2019-2020-Ixcuintepec-6.jpg","jetpack_sharing_enabled":true,"_links":{"self":[{"href":"https:\/\/zonaroja.com.mx\/index.php?rest_route=\/wp\/v2\/posts\/3438","targetHints":{"allow":["GET"]}}],"collection":[{"href":"https:\/\/zonaroja.com.mx\/index.php?rest_route=\/wp\/v2\/posts"}],"about":[{"href":"https:\/\/zonaroja.com.mx\/index.php?rest_route=\/wp\/v2\/types\/post"}],"author":[{"embeddable":true,"href":"https:\/\/zonaroja.com.mx\/index.php?rest_route=\/wp\/v2\/users\/2"}],"replies":[{"embeddable":true,"href":"https:\/\/zonaroja.com.mx\/index.php?rest_route=%2Fwp%2Fv2%2Fcomments&post=3438"}],"version-history":[{"count":1,"href":"https:\/\/zonaroja.com.mx\/index.php?rest_route=\/wp\/v2\/posts\/3438\/revisions"}],"predecessor-version":[{"id":3441,"href":"https:\/\/zonaroja.com.mx\/index.php?rest_route=\/wp\/v2\/posts\/3438\/revisions\/3441"}],"wp:featuredmedia":[{"embeddable":true,"href":"https:\/\/zonaroja.com.mx\/index.php?rest_route=\/wp\/v2\/media\/3439"}],"wp:attachment":[{"href":"https:\/\/zonaroja.com.mx\/index.php?rest_route=%2Fwp%2Fv2%2Fmedia&parent=3438"}],"wp:term":[{"taxonomy":"category","embeddable":true,"href":"https:\/\/zonaroja.com.mx\/index.php?rest_route=%2Fwp%2Fv2%2Fcategories&post=3438"},{"taxonomy":"post_tag","embeddable":true,"href":"https:\/\/zonaroja.com.mx\/index.php?rest_route=%2Fwp%2Fv2%2Ftags&post=3438"}],"curies":[{"name":"wp","href":"https:\/\/api.w.org\/{rel}","templated":true}]}}