{"id":34385,"date":"2021-11-17T07:35:37","date_gmt":"2021-11-17T13:35:37","guid":{"rendered":"http:\/\/www.zonaroja.com.mx\/?p=34385"},"modified":"2021-11-17T07:35:41","modified_gmt":"2021-11-17T13:35:41","slug":"preparan-vacunacion-contra-el-covid-para-menores-de-15-a-17-anos","status":"publish","type":"post","link":"https:\/\/zonaroja.com.mx\/?p=34385","title":{"rendered":"Preparan vacunaci\u00f3n contra el Covid para menores de 15 a 17 a\u00f1os"},"content":{"rendered":"\n<p>Redacci\u00f3n\/Zona Roja Cdmx.<\/p>\n\n\n\n<p>Ciudad de M\u00e9xico, 17 de noviembre de 2021.- Este viernes se abrir\u00e1 el prerregistro para vacunar a los adolescentes de 15 a 17 a\u00f1os que no tienen comorbilidades, inform\u00f3 el subsecretario de Salud, Hugo L\u00f3pez-Gatell.<\/p>\n\n\n\n<p>\u201cA partir de este viernes 19 de noviembre abrimos el prerregistro en el portal mivacuna.salud.gob. mx. Es importante este proceso porque eso nos ayuda a planear y despu\u00e9s se ir\u00edan abriendo las unidades de vacunaci\u00f3n por entidad federativa, de acuerdo a estos grupos\u201d, precis\u00f3.<\/p>\n\n\n\n<p>Los datos requeridos son: el CURP, entidad, municipio, c\u00f3digo postal, tel\u00e9fono de contacto y un correo electr\u00f3nico. L\u00f3pez-Gatell explic\u00f3, con gr\u00e1ficas, que las principales causas de defunci\u00f3n en adolescentes son las agresiones, los accidentes y el suicidio; COVID-19 es un motivo lejano, pues ocupa el s\u00e9ptimo lugar.<\/p>\n\n\n\n<p>Entre 10 y 14 a\u00f1os, por ejemplo, la mortalidad es sumamente baja y por debajo de 10 a\u00f1os es a\u00fan m\u00e1s. A partir de los 15 a\u00f1os hay un incremento de la mortalidad, pero sigue siendo una m\u00ednima posibilidad.<\/p>\n\n\n\n<p>Con cifras del Inegi dio a conocer que en 2020 murieron, desafortunadamente, casi nueve mil 500 personas de 15 a 19 a\u00f1os y de ellas solamente 249 fallecieron por COVID-19.<\/p>\n\n\n\n<p>Y esto, a\u00f1adi\u00f3, nos muestra que el riesgo de morir por este virus en la adolescencia es significativamente menor a otros riesgos muy comunes en esa edad. \u201cEsto (va) para que las familias tengan claridad de que no es ni por asomo la causa m\u00e1s importante de complicaciones y muerte en esta edad, muy distinto a las personas adultas mayores, que afortunadamente han sido ya vacunadas\u201d.<\/p>\n\n\n\n<p>El funcionario explic\u00f3 que la Estrategia Nacional de Vacunaci\u00f3n contin\u00faa, ya que se est\u00e1 concluyendo con las segunda dosis para toda la poblaci\u00f3n adulta. Hay 15 estados donde se trabaja a marchas forzadas, ante las dificultades que implica las poblaciones dispersas.<\/p>\n","protected":false},"excerpt":{"rendered":"<p>Redacci\u00f3n\/Zona Roja Cdmx. Ciudad de M\u00e9xico, 17 de noviembre de 2021.- Este viernes se abrir\u00e1&hellip;<\/p>\n","protected":false},"author":2,"featured_media":34386,"comment_status":"closed","ping_status":"open","sticky":false,"template":"","format":"standard","meta":{"_lmt_disableupdate":"","_lmt_disable":"","_jetpack_memberships_contains_paid_content":false,"footnotes":""},"categories":[109,47],"tags":[1328],"class_list":["post-34385","post","type-post","status-publish","format-standard","has-post-thumbnail","hentry","category-minuto-a-minuto","category-zona-gris","tag-coronavirus-mexico"],"jetpack_featured_media_url":"https:\/\/zonaroja.com.mx\/wp-content\/uploads\/2021\/11\/Vacunacion-Covid-menores-Mexico.jpeg","jetpack_sharing_enabled":true,"_links":{"self":[{"href":"https:\/\/zonaroja.com.mx\/index.php?rest_route=\/wp\/v2\/posts\/34385","targetHints":{"allow":["GET"]}}],"collection":[{"href":"https:\/\/zonaroja.com.mx\/index.php?rest_route=\/wp\/v2\/posts"}],"about":[{"href":"https:\/\/zonaroja.com.mx\/index.php?rest_route=\/wp\/v2\/types\/post"}],"author":[{"embeddable":true,"href":"https:\/\/zonaroja.com.mx\/index.php?rest_route=\/wp\/v2\/users\/2"}],"replies":[{"embeddable":true,"href":"https:\/\/zonaroja.com.mx\/index.php?rest_route=%2Fwp%2Fv2%2Fcomments&post=34385"}],"version-history":[{"count":1,"href":"https:\/\/zonaroja.com.mx\/index.php?rest_route=\/wp\/v2\/posts\/34385\/revisions"}],"predecessor-version":[{"id":34387,"href":"https:\/\/zonaroja.com.mx\/index.php?rest_route=\/wp\/v2\/posts\/34385\/revisions\/34387"}],"wp:featuredmedia":[{"embeddable":true,"href":"https:\/\/zonaroja.com.mx\/index.php?rest_route=\/wp\/v2\/media\/34386"}],"wp:attachment":[{"href":"https:\/\/zonaroja.com.mx\/index.php?rest_route=%2Fwp%2Fv2%2Fmedia&parent=34385"}],"wp:term":[{"taxonomy":"category","embeddable":true,"href":"https:\/\/zonaroja.com.mx\/index.php?rest_route=%2Fwp%2Fv2%2Fcategories&post=34385"},{"taxonomy":"post_tag","embeddable":true,"href":"https:\/\/zonaroja.com.mx\/index.php?rest_route=%2Fwp%2Fv2%2Ftags&post=34385"}],"curies":[{"name":"wp","href":"https:\/\/api.w.org\/{rel}","templated":true}]}}