{"id":34404,"date":"2021-11-17T19:38:25","date_gmt":"2021-11-18T01:38:25","guid":{"rendered":"https:\/\/www.zonaroja.com.mx\/?p=34404"},"modified":"2021-11-17T19:38:32","modified_gmt":"2021-11-18T01:38:32","slug":"se-impone-uacol-a-policias-y-autoridad-de-la-capital-oaxaquena","status":"publish","type":"post","link":"https:\/\/zonaroja.com.mx\/?p=34404","title":{"rendered":"Se impone UACOL a polic\u00edas y autoridad de la capital oaxaque\u00f1a"},"content":{"rendered":"\n<p>Yuridiana Sosa\/Zona Roja. <\/p>\n\n\n\n<p>Oaxaca de Ju\u00e1rez, Oax., 17 de noviembre de 2021.- Unidas, distintas organizaciones sociales marcharon en la capital de Oaxaca contra el edil Oswaldo Garc\u00eda Jarqu\u00edn, quien en una visible ausencia de poder, ha permitido el caos en la ciudad. <\/p>\n\n\n\n<p>Desde pintas en fachadas p\u00fablicas y privadas, a la sorpresiva retenci\u00f3n de veh\u00edculos de la Polic\u00eda Municipal de la capital por parte de las organizaciones, por una la mala estrategia policial, se vivi\u00f3 este mi\u00e9rcoles, en la movilizaci\u00f3n en apoyo a la Uni\u00f3n de Artesanos y Comerciantes Oaxaque\u00f1os en Lucha (UACOL), que dirige Ad\u00e1n Mej\u00eda.<\/p>\n\n\n\n<p>Tres unidades con equipo t\u00e1ctico de la corporaci\u00f3n policial  quedaron varadas en el interior del z\u00f3calo, ante la presencia de cientos de manifestantes que adem\u00e1s de superar en n\u00famero a los polic\u00edas, tambi\u00e9n los superaron en estrategia para regresar a la Plaza de Armas, de donde pretend\u00edan ser desalojados, logrando cerrar con valles met\u00e1licas el paso en una de las calles al rededor de z\u00f3calo y Palacio de Gobierno. <\/p>\n\n\n\n<p>Lo Polic\u00eda Municipal, al frente de Marcos Fredy Hern\u00e1ndez, negoci\u00f3 y logr\u00f3 que se permitiera la recuperaci\u00f3n de unidades,  pero sin lograr la desocupaci\u00f3n de la plaza, pues lo manifestantes solo se replegar\u00edan al kiosco.<\/p>\n\n\n\n<figure class=\"wp-block-embed\"><div class=\"wp-block-embed__wrapper\">\n<div class=\"twitter-tweet\"><blockquote class=\"twitter-tweet\" data-lang=\"es\"><p lang=\"es\" dir=\"ltr\"><a href=\"https:\/\/twitter.com\/hashtag\/%C3%9AltimoMinuto?src=hash&amp;ref_src=twsrc%5Etfw\">#\u00daltimoMinuto<\/a> <br>En zafarrancho deriva protesta de UACOL y otras organizaciones sociales en el z\u00f3calo de la ciudad de Oaxaca, al retener unidades policiacas del <a href=\"https:\/\/twitter.com\/MunicipioSeguro?ref_src=twsrc%5Etfw\">@MunicipioSeguro<\/a>. <a href=\"https:\/\/t.co\/54ebwPmJvo\">pic.twitter.com\/54ebwPmJvo<\/a><\/p>&mdash; Zona Roja Oaxaca (@Zona_Roja_Oax) <a href=\"https:\/\/twitter.com\/Zona_Roja_Oax\/status\/1461069925766733825?ref_src=twsrc%5Etfw\">17 de noviembre de 2021<\/a><\/blockquote><\/div>\n<\/div><\/figure>\n\n\n\n<p>Por varios minutos la situaci\u00f3n se mantuvo tensa, pues lo integrantes de las organizaciones defendieron su permanencia en el z\u00f3calo, de donde el pasado 14 de noviembre, en el marco del quinto informe el gobernador Alejandro Marat, fueron retiradas por la Polic\u00eda Municipal al menos 30 estructuras pertenecientes a UACOL. <\/p>\n\n\n\n<p>Ese fue el motivo de la movilizaci\u00f3n de este d\u00eda que tambi\u00e9n tuvo como destino llegar a puerta de Palacio Municipal, frente a la Plaza de la Danza.<\/p>\n\n\n\n<p>El representante de UACOL, Ad\u00e1n Mejia, se\u00f1al\u00f3 que el supuesto operativo \u201cAlfa\u201d por el cual les fueron retratados los puestos solo forma parte de una falsa pol\u00edtica del orden para simular que entregar\u00e1 un z\u00f3calo limpio al gobierno municipal entrante. <\/p>\n\n\n\n<p>Por lo que tambi\u00e9n demand\u00f3 al presidente electo, Francisco Mart\u00ednez Neri, deslindarse de esas acciones que s\u00f3lo favorecen a un grupo privilegiado de comerciantes establecidos. <\/p>\n\n\n\n<p>El dirigente de ambulantes convoc\u00f3 a los  trabajadores informales de la capital a la creaci\u00f3n de una asamblea para unir fuerzas contra los operativos de retiro de ambulantes.<\/p>\n\n\n\n<p>Pasadas las 15:00 horas, la calma retorn\u00f3 al z\u00f3calo, pero otra vez en poder de los comerciantes informales. <\/p>\n","protected":false},"excerpt":{"rendered":"<p>Yuridiana Sosa\/Zona Roja. Oaxaca de Ju\u00e1rez, Oax., 17 de noviembre de 2021.- Unidas, distintas organizaciones&hellip;<\/p>\n","protected":false},"author":2,"featured_media":34403,"comment_status":"closed","ping_status":"open","sticky":false,"template":"","format":"standard","meta":{"_lmt_disableupdate":"","_lmt_disable":"","_jetpack_memberships_contains_paid_content":false,"footnotes":""},"categories":[109,47],"tags":[],"class_list":["post-34404","post","type-post","status-publish","format-standard","has-post-thumbnail","hentry","category-minuto-a-minuto","category-zona-gris"],"jetpack_featured_media_url":"https:\/\/zonaroja.com.mx\/wp-content\/uploads\/2021\/11\/26b33495-4e06-482a-b1d2-b20f0f1eae07.jpg","jetpack_sharing_enabled":true,"_links":{"self":[{"href":"https:\/\/zonaroja.com.mx\/index.php?rest_route=\/wp\/v2\/posts\/34404","targetHints":{"allow":["GET"]}}],"collection":[{"href":"https:\/\/zonaroja.com.mx\/index.php?rest_route=\/wp\/v2\/posts"}],"about":[{"href":"https:\/\/zonaroja.com.mx\/index.php?rest_route=\/wp\/v2\/types\/post"}],"author":[{"embeddable":true,"href":"https:\/\/zonaroja.com.mx\/index.php?rest_route=\/wp\/v2\/users\/2"}],"replies":[{"embeddable":true,"href":"https:\/\/zonaroja.com.mx\/index.php?rest_route=%2Fwp%2Fv2%2Fcomments&post=34404"}],"version-history":[{"count":1,"href":"https:\/\/zonaroja.com.mx\/index.php?rest_route=\/wp\/v2\/posts\/34404\/revisions"}],"predecessor-version":[{"id":34405,"href":"https:\/\/zonaroja.com.mx\/index.php?rest_route=\/wp\/v2\/posts\/34404\/revisions\/34405"}],"wp:featuredmedia":[{"embeddable":true,"href":"https:\/\/zonaroja.com.mx\/index.php?rest_route=\/wp\/v2\/media\/34403"}],"wp:attachment":[{"href":"https:\/\/zonaroja.com.mx\/index.php?rest_route=%2Fwp%2Fv2%2Fmedia&parent=34404"}],"wp:term":[{"taxonomy":"category","embeddable":true,"href":"https:\/\/zonaroja.com.mx\/index.php?rest_route=%2Fwp%2Fv2%2Fcategories&post=34404"},{"taxonomy":"post_tag","embeddable":true,"href":"https:\/\/zonaroja.com.mx\/index.php?rest_route=%2Fwp%2Fv2%2Ftags&post=34404"}],"curies":[{"name":"wp","href":"https:\/\/api.w.org\/{rel}","templated":true}]}}