{"id":34408,"date":"2021-11-17T21:24:38","date_gmt":"2021-11-18T03:24:38","guid":{"rendered":"http:\/\/www.zonaroja.com.mx\/?p=34408"},"modified":"2021-11-17T21:24:42","modified_gmt":"2021-11-18T03:24:42","slug":"en-acalorada-sesion-niegan-en-congreso-que-pvem-forme-bancada","status":"publish","type":"post","link":"https:\/\/zonaroja.com.mx\/?p=34408","title":{"rendered":"En acalorada sesi\u00f3n, niegan en Congreso que PVEM forme bancada"},"content":{"rendered":"\n<p>Redacci\u00f3n\/Zona Roja.<\/p>\n\n\n\n<p>Oaxaca de Ju\u00e1rez, Oax., 17 de noviembre de 2021.- Con un inicio retrasado de casi dos horas y en acalorada sesi\u00f3n, la Mesa Directiva de la 65 Legislatura neg\u00f3 al Partido Verde Ecologista de M\u00e9xico, conformar una fracci\u00f3n parlamentaria en el Congreso del Estado.<\/p>\n\n\n\n<p>La asamblea de este mi\u00e9rcoles, primera sesi\u00f3n ordinaria de la nueva Legislatura, se convirti\u00f3 en un di\u00e1logo y reproches entre la representante del Legislativo, la priista Mariana Ben\u00edtez Tiburcio, y los verdeecologistas encabezados por Eva Diego Cruz, que recrimin\u00f3 la negativa pese a que, seg\u00fan dijo, entreg\u00f3 en su momento la documentaci\u00f3n correspondiente.<\/p>\n\n\n\n<p>En cambio, Samuel Gurri\u00f3n Mat\u00edas, que obtuvo la curul por la v\u00eda plurinominal por el PRI y se incorpor\u00f3 al PVEM, se dedic\u00f3 a cruzar gritos con el diputado priista Freddy Gil Pineda Gopar, quien le llam\u00f3 traidor.<\/p>\n\n\n\n<p>El argumento de Mariana Ben\u00edtez fue que el PVEM no entreg\u00f3 la documentaci\u00f3n para registrar la bancada a quien dicta la Ley Org\u00e1nica, es decir a la presidencia de la Mesa Directiva.<\/p>\n\n\n\n<p>Mientras que la ex priista, ex perredista y hoy del Verde, Eva Diego, insisti\u00f3 que s\u00ed lo hizo, aunque al final reconoci\u00f3 que entreg\u00f3 los documentos en otra \u00e1rea; tras ello, ambos se retiraron de la sesi\u00f3n ordinaria.<\/p>\n\n\n\n<p>Luego de ello, ante el pleno de la 65 Legislatura del Congreso de Oaxaca tomaron protesta los y las diputadas integrantes de la Junta de Coordinaci\u00f3n Pol\u00edtica, \u00f3rgano de gobierno encargado de la vida interna del Poder Legislativo.<\/p>\n\n\n\n<p>En t\u00e9rminos del art\u00edculo 44 de la Ley Org\u00e1nica del Poder Legislativo la diputada, Laura Estrada Mauro, Coordinadora del Grupo Parlamentario de Morena, asumi\u00f3 la&nbsp; presidencia de la Junta.<\/p>\n\n\n\n<p>Como integrantes quedaron: Alejandro Avil\u00e9s \u00c1lvarez, coordinador del PRI; V\u00edctor Hern\u00e1ndez L\u00f3pez, coordinador del PRD, Natividad D\u00edaz Jim\u00e9nez, del PAN y No\u00e9 Doroteo Castillejos del PT.<\/p>\n\n\n\n<p>Al inicio de la plenaria se emiti\u00f3 la declaratoria de la constituci\u00f3n de Morena, Partido Revolucionario Institucional, Partido de la Revoluci\u00f3n Democr\u00e1tica, Partido Acci\u00f3n Nacional y Partido del Trabajo, como Grupos Parlamentarios que conforman la 65 Legislatura Constitucional del Congreso del Estado.<\/p>\n","protected":false},"excerpt":{"rendered":"<p>Redacci\u00f3n\/Zona Roja. Oaxaca de Ju\u00e1rez, Oax., 17 de noviembre de 2021.- Con un inicio retrasado&hellip;<\/p>\n","protected":false},"author":2,"featured_media":34410,"comment_status":"closed","ping_status":"open","sticky":false,"template":"","format":"standard","meta":{"_lmt_disableupdate":"","_lmt_disable":"","_jetpack_memberships_contains_paid_content":false,"footnotes":""},"categories":[109,47],"tags":[2743],"class_list":["post-34408","post","type-post","status-publish","format-standard","has-post-thumbnail","hentry","category-minuto-a-minuto","category-zona-gris","tag-65-legislatura-del-estado-de-oaxaca"],"jetpack_featured_media_url":"https:\/\/zonaroja.com.mx\/wp-content\/uploads\/2021\/11\/FOTO-1-Integra-65-Legislatura-Junta-de-Coordinacion-Politica-asume-presidencia-Laura-Estrada-Mauro-1.jpg","jetpack_sharing_enabled":true,"_links":{"self":[{"href":"https:\/\/zonaroja.com.mx\/index.php?rest_route=\/wp\/v2\/posts\/34408","targetHints":{"allow":["GET"]}}],"collection":[{"href":"https:\/\/zonaroja.com.mx\/index.php?rest_route=\/wp\/v2\/posts"}],"about":[{"href":"https:\/\/zonaroja.com.mx\/index.php?rest_route=\/wp\/v2\/types\/post"}],"author":[{"embeddable":true,"href":"https:\/\/zonaroja.com.mx\/index.php?rest_route=\/wp\/v2\/users\/2"}],"replies":[{"embeddable":true,"href":"https:\/\/zonaroja.com.mx\/index.php?rest_route=%2Fwp%2Fv2%2Fcomments&post=34408"}],"version-history":[{"count":1,"href":"https:\/\/zonaroja.com.mx\/index.php?rest_route=\/wp\/v2\/posts\/34408\/revisions"}],"predecessor-version":[{"id":34411,"href":"https:\/\/zonaroja.com.mx\/index.php?rest_route=\/wp\/v2\/posts\/34408\/revisions\/34411"}],"wp:featuredmedia":[{"embeddable":true,"href":"https:\/\/zonaroja.com.mx\/index.php?rest_route=\/wp\/v2\/media\/34410"}],"wp:attachment":[{"href":"https:\/\/zonaroja.com.mx\/index.php?rest_route=%2Fwp%2Fv2%2Fmedia&parent=34408"}],"wp:term":[{"taxonomy":"category","embeddable":true,"href":"https:\/\/zonaroja.com.mx\/index.php?rest_route=%2Fwp%2Fv2%2Fcategories&post=34408"},{"taxonomy":"post_tag","embeddable":true,"href":"https:\/\/zonaroja.com.mx\/index.php?rest_route=%2Fwp%2Fv2%2Ftags&post=34408"}],"curies":[{"name":"wp","href":"https:\/\/api.w.org\/{rel}","templated":true}]}}