{"id":3442,"date":"2019-08-27T09:07:38","date_gmt":"2019-08-27T14:07:38","guid":{"rendered":"http:\/\/www.zonaroja.com.mx\/?p=3442"},"modified":"2019-08-27T09:07:41","modified_gmt":"2019-08-27T14:07:41","slug":"cita-juez-a-declarar-a-secretario-de-seguridad-raul-salcedo","status":"publish","type":"post","link":"https:\/\/zonaroja.com.mx\/?p=3442","title":{"rendered":"Cita juez a declarar a secretario de Seguridad, Ra\u00fal Salcedo"},"content":{"rendered":"\n<p>Redacci\u00f3n\/Zona Roja.<\/p>\n\n\n\n<p>Oaxaca de\nJu\u00e1rez, OAx., 27 de agosto de 2019.- Por su probable responsabilidad cuando fue\ndelegado del Centro de Investigaci\u00f3n y Seguridad Nacional (Cisen), el actual\ntitular de la Secretar\u00eda de Seguridad P\u00fablica de Oaxaca, Ra\u00fal Ernesto Salcedo,\ncomparece hoy ante un juez federal.<\/p>\n\n\n\n<p>El Comit\u00e9 de\nV\u00edctimas de Nochixtl\u00e1n que preside Santiago Abrosio, confirm\u00f3 que un juez\nrevoc\u00f3 el amparo para que no fuera citado a declarar por los hechos de\nviolencia ocurridos el 19 de junio de 2016, en Asunci\u00f3n Nochixtl\u00e1n y que dej\u00f3\nal menos ocho personas fallecidas y m\u00e1s de un centenar de lesionadas.<\/p>\n\n\n\n<p>Detall\u00f3 que\ndesde marzo pasado, dicha organizaci\u00f3n hab\u00eda requerido a la Fiscal\u00eda General de\nla Rep\u00fablica llamara a declarar a diversos funcionarios de esa fecha, adem\u00e1s de\nmandos policiacos, a fin de coadyuvar a esclarecer los hechos, dar con los\nresponsables y aplicar justicia.<\/p>\n\n\n\n<p>El juez\ntambi\u00e9n determin\u00f3 que el entonces director de la Polic\u00eda Federal, Enrique\nGalindo Ceballos, deber\u00e1 comparecer, por los hechos referidos.<\/p>\n\n\n\n<p>Ra\u00fal Ernesto\nSalcedo Rosales fue designado como secretario de Seguridad P\u00fablica el pasado 25\nde junio, en suplencia de Jos\u00e9 Raymundo Tu\u00f1\u00f3n J\u00e1uregui. <\/p>\n\n\n\n<p>Desde su\nllegada, los delitos no han bajado en las distintas regiones de la entidad y el\n\u00fanico logro que anunci\u00f3 ayer en conferencia de prensa fue la uni\u00f3n de fuerzas\ncon la Guardia Nacional para reforzar operativos.<\/p>\n","protected":false},"excerpt":{"rendered":"<p>Redacci\u00f3n\/Zona Roja. Oaxaca de Ju\u00e1rez, OAx., 27 de agosto de 2019.- Por su probable responsabilidad&hellip;<\/p>\n","protected":false},"author":2,"featured_media":3443,"comment_status":"closed","ping_status":"open","sticky":false,"template":"","format":"standard","meta":{"_lmt_disableupdate":"","_lmt_disable":"","_jetpack_memberships_contains_paid_content":false,"footnotes":""},"categories":[109,47],"tags":[231],"class_list":["post-3442","post","type-post","status-publish","format-standard","has-post-thumbnail","hentry","category-minuto-a-minuto","category-zona-gris","tag-raul-ernesto-salcedo-rosales"],"jetpack_featured_media_url":"https:\/\/zonaroja.com.mx\/wp-content\/uploads\/2019\/08\/MESA-DE-SEGURIDAD-04.jpg","jetpack_sharing_enabled":true,"_links":{"self":[{"href":"https:\/\/zonaroja.com.mx\/index.php?rest_route=\/wp\/v2\/posts\/3442","targetHints":{"allow":["GET"]}}],"collection":[{"href":"https:\/\/zonaroja.com.mx\/index.php?rest_route=\/wp\/v2\/posts"}],"about":[{"href":"https:\/\/zonaroja.com.mx\/index.php?rest_route=\/wp\/v2\/types\/post"}],"author":[{"embeddable":true,"href":"https:\/\/zonaroja.com.mx\/index.php?rest_route=\/wp\/v2\/users\/2"}],"replies":[{"embeddable":true,"href":"https:\/\/zonaroja.com.mx\/index.php?rest_route=%2Fwp%2Fv2%2Fcomments&post=3442"}],"version-history":[{"count":1,"href":"https:\/\/zonaroja.com.mx\/index.php?rest_route=\/wp\/v2\/posts\/3442\/revisions"}],"predecessor-version":[{"id":3444,"href":"https:\/\/zonaroja.com.mx\/index.php?rest_route=\/wp\/v2\/posts\/3442\/revisions\/3444"}],"wp:featuredmedia":[{"embeddable":true,"href":"https:\/\/zonaroja.com.mx\/index.php?rest_route=\/wp\/v2\/media\/3443"}],"wp:attachment":[{"href":"https:\/\/zonaroja.com.mx\/index.php?rest_route=%2Fwp%2Fv2%2Fmedia&parent=3442"}],"wp:term":[{"taxonomy":"category","embeddable":true,"href":"https:\/\/zonaroja.com.mx\/index.php?rest_route=%2Fwp%2Fv2%2Fcategories&post=3442"},{"taxonomy":"post_tag","embeddable":true,"href":"https:\/\/zonaroja.com.mx\/index.php?rest_route=%2Fwp%2Fv2%2Ftags&post=3442"}],"curies":[{"name":"wp","href":"https:\/\/api.w.org\/{rel}","templated":true}]}}