{"id":34420,"date":"2021-11-18T07:42:06","date_gmt":"2021-11-18T13:42:06","guid":{"rendered":"http:\/\/www.zonaroja.com.mx\/?p=34420"},"modified":"2021-11-18T07:42:09","modified_gmt":"2021-11-18T13:42:09","slug":"de-guerrero-y-de-durango-escoltas-ejecutados-junto-a-joven-en-la-costa","status":"publish","type":"post","link":"https:\/\/zonaroja.com.mx\/?p=34420","title":{"rendered":"De Guerrero y de Durango, escoltas ejecutados junto a joven en la Costa"},"content":{"rendered":"\n<p>Redacci\u00f3n\/Zona Roja.<\/p>\n\n\n\n<p>Oaxaca de Ju\u00e1rez, Oax., 18 de noviembre de 2021.- Como Guadalupe A. P., de 26 a\u00f1os de edad, originario de Guerrero, y Rodrigo L.M., de 35 a\u00f1os, de Durango, fueron identificados los escoltas de Rafael Y. R, alias \u201cEl Pony\u201d, los tres ejecutados en R\u00edo Grande, Villa de Tututepec.<\/p>\n\n\n\n<p>Familiares de los dos primeros reclamaron los cuerpos, tras enterarse de los hechos violentos sucedidos la tarde del pasado s\u00e1bado en dicha localidad de la regi\u00f3n Costa de Oaxaca.<\/p>\n\n\n\n<p>Los hechos ocurrieron a las 15:00 horas del 13 de noviembre de este a\u00f1o, cuando Rafael y sus dos escoltas se desplazaban en una camioneta Nissan, tipo Frontier, de color guinda, sobre la carretera federal 200.<\/p>\n\n\n\n<p>Un comando compuesto por sujetos con armas de grueso calibre, los comenz\u00f3 a perseguir y les dispar\u00f3 en diversas ocasiones, por lo cual se metieron a la agencia municipal de R\u00edo Grande para tratar de buscar refugio.<\/p>\n\n\n\n<p>Al circular en la avenida Oaxaca esquina con la calle Puebla fueron alcanzados por los integrantes del grupo armado y quienes les dispararon con fusiles de asalto AR-15, del calibre .223, AK-47, del fusil 7.62, conocido como \u201cCuerno de Chivo\u201d y otros.<\/p>\n\n\n\n<p>Los tres cuerpos quedaron destrozados por la lluvia de balas, por lo que en el mismo veh\u00edculo quedaron las v\u00edctimas, entre ellos Rafael Y. R., hijo de la actual presidenta municipal de Santiago Jamiltepec, Cecilia R. M., y del ex edil de la misma, comunidad, Gabriel Yglesias Meza.<\/p>\n","protected":false},"excerpt":{"rendered":"<p>Redacci\u00f3n\/Zona Roja. Oaxaca de Ju\u00e1rez, Oax., 18 de noviembre de 2021.- Como Guadalupe A. P.,&hellip;<\/p>\n","protected":false},"author":2,"featured_media":34284,"comment_status":"closed","ping_status":"open","sticky":false,"template":"","format":"standard","meta":{"_lmt_disableupdate":"","_lmt_disable":"","_jetpack_memberships_contains_paid_content":false,"footnotes":""},"categories":[109,47],"tags":[797],"class_list":["post-34420","post","type-post","status-publish","format-standard","has-post-thumbnail","hentry","category-minuto-a-minuto","category-zona-gris","tag-santiago-jamiltepec"],"jetpack_featured_media_url":"https:\/\/zonaroja.com.mx\/wp-content\/uploads\/2021\/11\/img_3269.jpg","jetpack_sharing_enabled":true,"_links":{"self":[{"href":"https:\/\/zonaroja.com.mx\/index.php?rest_route=\/wp\/v2\/posts\/34420","targetHints":{"allow":["GET"]}}],"collection":[{"href":"https:\/\/zonaroja.com.mx\/index.php?rest_route=\/wp\/v2\/posts"}],"about":[{"href":"https:\/\/zonaroja.com.mx\/index.php?rest_route=\/wp\/v2\/types\/post"}],"author":[{"embeddable":true,"href":"https:\/\/zonaroja.com.mx\/index.php?rest_route=\/wp\/v2\/users\/2"}],"replies":[{"embeddable":true,"href":"https:\/\/zonaroja.com.mx\/index.php?rest_route=%2Fwp%2Fv2%2Fcomments&post=34420"}],"version-history":[{"count":1,"href":"https:\/\/zonaroja.com.mx\/index.php?rest_route=\/wp\/v2\/posts\/34420\/revisions"}],"predecessor-version":[{"id":34421,"href":"https:\/\/zonaroja.com.mx\/index.php?rest_route=\/wp\/v2\/posts\/34420\/revisions\/34421"}],"wp:featuredmedia":[{"embeddable":true,"href":"https:\/\/zonaroja.com.mx\/index.php?rest_route=\/wp\/v2\/media\/34284"}],"wp:attachment":[{"href":"https:\/\/zonaroja.com.mx\/index.php?rest_route=%2Fwp%2Fv2%2Fmedia&parent=34420"}],"wp:term":[{"taxonomy":"category","embeddable":true,"href":"https:\/\/zonaroja.com.mx\/index.php?rest_route=%2Fwp%2Fv2%2Fcategories&post=34420"},{"taxonomy":"post_tag","embeddable":true,"href":"https:\/\/zonaroja.com.mx\/index.php?rest_route=%2Fwp%2Fv2%2Ftags&post=34420"}],"curies":[{"name":"wp","href":"https:\/\/api.w.org\/{rel}","templated":true}]}}