{"id":34425,"date":"2021-11-18T08:50:33","date_gmt":"2021-11-18T14:50:33","guid":{"rendered":"http:\/\/www.zonaroja.com.mx\/?p=34425"},"modified":"2021-11-18T08:53:31","modified_gmt":"2021-11-18T14:53:31","slug":"de-traidores-mafiosos-y-reclamos-la-primera-sesion-legislativa","status":"publish","type":"post","link":"https:\/\/zonaroja.com.mx\/?p=34425","title":{"rendered":"De traidores, mafiosos y reclamos, la primera sesi\u00f3n legislativa"},"content":{"rendered":"\n<p>Ismael Garc\u00eda M.\/Zona Roja.<\/p>\n\n\n\n<p>San Raymundo Jalpan, Oax., 18 de noviembre de 2021.- Lleg\u00f3 desencajado al sal\u00f3n del pleno de la 65 Legislatura. Tom\u00f3 su lugar; nervioso, preguntaba c\u00f3mo votar de manera electr\u00f3nica, para registrar su asistencia.<\/p>\n\n\n\n<p>Se levantaba del asiento, ve\u00eda por todos lados, cruzaba los brazos, se mord\u00eda las u\u00f1as. Samuel Gurri\u00f3n Mat\u00edas ya sab\u00eda lo que ven\u00eda. Pero no esperaba los gritos de traidor en su cara y menos en el recinto legislativo.<\/p>\n\n\n\n<p>Con una hora y 40 minutos de la hora citada, inici\u00f3 este mi\u00e9rcoles la sesi\u00f3n ordinaria del Congreso, la primera de la nueva Legislatura, tras la instalaci\u00f3n el s\u00e1bado y la solemne del lunes.<\/p>\n\n\n\n<p>Pocos llegaron a las 11:00, entre ellos unos seis morenistas, como Concepci\u00f3n Rueda. Arriba, en las oficinas de la Junta de Coordinaci\u00f3n Pol\u00edtica, los jaloneos, que terminaron con decisi\u00f3n un\u00e1nime: cerrarle el paso a Gurri\u00f3n e impedir la conformaci\u00f3n de la bancada del Verde Ecologista.<\/p>\n\n\n\n<p>En la asistencia, 40 diputados; dos siguen ausentes. De inmediato, la lectura del acuerdo de la Junta de Coordinaci\u00f3n Pol\u00edtica, por parte de la presidenta de la Mesa Directiva, Mariana Ben\u00edtez, sobre la conformaci\u00f3n de cinco fracciones parlamentarias, menos el PVEM.<\/p>\n\n\n\n<p>De inmediato vinieron los reclamos de la hoy verdeecologista, Eva Diego Cruz, otrora priista con Jos\u00e9 Murat y Ulises Ruiz, y perredista con Gabino Cu\u00e9.<\/p>\n\n\n\n<p>&#8211;Ciudadana presidenta, solicito que en este momento declare tambi\u00e9n la constituci\u00f3n del grupo parlamentario del Partido Verde Ecologista, porque el d\u00eda 15 de este mes entregamos todos los requisitos. O d\u00edgame el fundamento legal por qu\u00e9 no lo declara as\u00ed.<\/p>\n\n\n\n<p>&#8211;Compa\u00f1era legisladora, le recuerdo que el art\u00edculo 80 de la Ley Org\u00e1nico es clara al establecer el procedimiento al respecto y a la fecha no se ha cumplido cabalmente.<\/p>\n\n\n\n<p>&#8211;Qu\u00e9 procedimiento, o sea, en la Ley Org\u00e1nica no dice que est\u00e1 sujeto a un procedimiento \u2013respond\u00eda Eva Diego, frente a un callado Gurri\u00f3n, que opt\u00f3 porque lo defendiera la mujer.<\/p>\n\n\n\n<p>Los dimes y diretes continuaron y a la verdeecologista le leyeron el articulado referido. El resumen, la documentaci\u00f3n de registro de la fracci\u00f3n se debi\u00f3 presentar a la presidenta de la Mesa Directiva, lo cual no ocurri\u00f3.<\/p>\n\n\n\n<p>El di\u00e1logo entre ellas, no permitido, continu\u00f3, entre los reclamos. \u201cNosotros ya entregamos los documentos necesarios, no a usted obviamente, pero s\u00ed ante las instancias que es la que le entrega los documentos a usted\u201d.<\/p>\n\n\n\n<p>Mariana rebati\u00f3 e insisti\u00f3 en la normatividad que rige dicho procedimiento; \u201cen este momento le estoy presentando a usted la documentaci\u00f3n, se\u00f1ora presidenta\u201d, regres\u00f3 Eva. Pero era demasiado tarde. La decisi\u00f3n estaba tomada.<\/p>\n\n\n\n<p>LOS MANOTAZOS<\/p>\n\n\n\n<p>Los gritos de la mayor\u00eda del pleno pidi\u00f3 que se continuara con la sesi\u00f3n, entre m\u00e1s reclamos del PVEM. Pero de nada sirvi\u00f3.<\/p>\n\n\n\n<p>A las 12:52, el \u00faltimo intento de Eva Diego por convencer, pero ahora dirigi\u00e9ndose a la prensa, en las gradas. Samuel, imp\u00e1vido, hasta que le dijeron sus verdades:<\/p>\n\n\n\n<p>\u201c\u00a1Samuel era priista, eso es trampa del verdeecologista!\u201d, \u00a1traicionaste al PRI, traicionaste!\u201d, los gritos de Freddy Gil Pineda.<\/p>\n\n\n\n<p>Samuel intent\u00f3 encarar a Fredy, pero el coste\u00f1o levant\u00f3 de inmediato su regordete y pesado cuerpo de la curul, lo que hizo retroceder al ex priista, ex panista y ahora del PVEM.<\/p>\n\n\n\n<figure class=\"wp-block-embed is-type-rich is-provider-twitter wp-block-embed-twitter\"><div class=\"wp-block-embed__wrapper\">\n<div class=\"twitter-tweet\"><blockquote class=\"twitter-tweet\" data-lang=\"es\"><p lang=\"es\" dir=\"ltr\"><a href=\"https:\/\/twitter.com\/hashtag\/%C3%9AltimoMinuto?src=hash&amp;ref_src=twsrc%5Etfw\">#\u00daltimoMinuto<\/a> <br>\u00a1Eres un traidor!, grit\u00f3 <a href=\"https:\/\/twitter.com\/FREDDYGILPINEDA?ref_src=twsrc%5Etfw\">@FREDDYGILPINEDA<\/a> a <a href=\"https:\/\/twitter.com\/samygurrion?ref_src=twsrc%5Etfw\">@samygurrion<\/a>, ante el enojo de este \u00faltimo de no haber sido conformada la bancada del PVEM en la 65 Legislatura del <a href=\"https:\/\/twitter.com\/CongresoOaxaca_?ref_src=twsrc%5Etfw\">@CongresoOaxaca_<\/a>. <a href=\"https:\/\/t.co\/O8T3EF6iog\">pic.twitter.com\/O8T3EF6iog<\/a><\/p>&mdash; Zona Roja Oaxaca (@Zona_Roja_Oax) <a href=\"https:\/\/twitter.com\/Zona_Roja_Oax\/status\/1461048537425272840?ref_src=twsrc%5Etfw\">17 de noviembre de 2021<\/a><\/blockquote><\/div>\n<\/div><\/figure>\n\n\n\n<p>&#8211;\u00a1Traicionaste al PRI, traicionaste! \u00a1Esa es tu historia!<\/p>\n\n\n\n<p>&#8211;Hablar de mafias, hablar de mafias, esto hace que\u2026<\/p>\n\n\n\n<p>&#8211;\u00a1Traicionaste, esa es tu historia!<\/p>\n\n\n\n<p>&#8211;No puedes hablar de mafias, no puedes hablar de mafias, ni t\u00fa ni Avil\u00e9s pueden hablar de mafias.<\/p>\n\n\n\n<p>&#8211;\u00a1Traidor! \u00a1Eres un traidor!<\/p>\n\n\n\n<p>&#8211;Todos tenemos una historia.<\/p>\n\n\n\n<p>&#8211;Avil\u00e9s, t\u00fa no me puedes mandar a las mafias \u2013devolvi\u00f3 Gurri\u00f3n y se dio la vuelta, ante el miedo de un golpe de Freddy.<\/p>\n\n\n\n<p>La decisi\u00f3n estaba tomada. Mariana Benites hasta ese momento puso orden y llam\u00f3 a los cinco coordinadores.<\/p>\n\n\n\n<p>Abajo, todav\u00eda los reclamos.<\/p>\n\n\n\n<p>&#8211;T\u00fa eres un borrego, rebati\u00f3 Gurri\u00f3n, ya de salida del recinto.<\/p>\n\n\n\n<p>&#8211;Adi\u00f3s traidor, \u00a1ya se va el traidor!, le devolvi\u00f3 Freddy, mientras tomaban protesta los representantes de las cinco bancadas.<\/p>\n\n\n\n<p>EL REMATE<\/p>\n\n\n\n<p>A las 12:55, Samuel y Eva Diego abandonaron el recinto, para dar una apresurada conferencia de prensa. Otro punto m\u00e1s del orden del d\u00eda, y a las 13:00 horas termin\u00f3 la agitada sesi\u00f3n, prueba no superada por Mariana Ben\u00edtez.<\/p>\n\n\n\n<p>La l\u00e1pida sobre Samuel Gurri\u00f3n la puso su otrora compa\u00f1ero de partido y de juergas y de negocios:<\/p>\n\n\n\n<p>\u201cYo no s\u00e9 si ha estado en el PRI, su naturaleza de Samuel es as\u00ed, es gen\u00e9tica, o sea, ha estado en el PAN, el PRD, en el Verde, el PRI, en muchos lados. Yo creo que as\u00ed naci\u00f3n.<\/p>\n\n\n\n<p>\u201cEs su gen\u00e9tica, creo que Samuel no se define, y cuando alguien no se define como persona, es duro que te definas en otra situaci\u00f3n. El partido confi\u00f3 una vez m\u00e1s en Samuel y lo postul\u00f3 como plurominominal, que es un alto honor, para que de buenas a primeras diga \u2018ya no soy del PRI\u2019.<\/p>\n\n\n\n<p>\u201cEs algo que lastima a la militancia. El diputado Freddy tiene toda la raz\u00f3n. Samuel Gurri\u00f3n es as\u00ed, su gen\u00e9tica es as\u00ed\u201d.<\/p>\n\n\n\n<figure class=\"wp-block-embed is-type-rich is-provider-twitter wp-block-embed-twitter\"><div class=\"wp-block-embed__wrapper\">\n<div class=\"twitter-tweet\"><blockquote class=\"twitter-tweet\" data-lang=\"es\"><p lang=\"es\" dir=\"ltr\">\u00bfLo vio? As\u00ed remat\u00f3 <a href=\"https:\/\/twitter.com\/_AvilesAlvarez?ref_src=twsrc%5Etfw\">@_AvilesAlvarez<\/a> a <a href=\"https:\/\/twitter.com\/samygurrion?ref_src=twsrc%5Etfw\">@samygurrion<\/a>:<br>\u201c El diputado <a href=\"https:\/\/twitter.com\/FREDDYGILPINEDA?ref_src=twsrc%5Etfw\">@FREDDYGILPINEDA<\/a> (que llam\u00f3 traidor a Gurri\u00f3n) tiene toda la raz\u00f3n. Samuel Gurri\u00f3n es as\u00ed, su gen\u00e9tica es as\u00ed\u201d: <a href=\"https:\/\/t.co\/xImlVgHFtr\">pic.twitter.com\/xImlVgHFtr<\/a><\/p>&mdash; Zona Roja Oaxaca (@Zona_Roja_Oax) <a href=\"https:\/\/twitter.com\/Zona_Roja_Oax\/status\/1461346074946244615?ref_src=twsrc%5Etfw\">18 de noviembre de 2021<\/a><\/blockquote><\/div>\n<\/div><\/figure>\n","protected":false},"excerpt":{"rendered":"<p>Ismael Garc\u00eda M.\/Zona Roja. San Raymundo Jalpan, Oax., 18 de noviembre de 2021.- Lleg\u00f3 desencajado&hellip;<\/p>\n","protected":false},"author":2,"featured_media":34426,"comment_status":"closed","ping_status":"open","sticky":false,"template":"","format":"standard","meta":{"_lmt_disableupdate":"","_lmt_disable":"","_jetpack_memberships_contains_paid_content":false,"footnotes":""},"categories":[109,47],"tags":[2743],"class_list":["post-34425","post","type-post","status-publish","format-standard","has-post-thumbnail","hentry","category-minuto-a-minuto","category-zona-gris","tag-65-legislatura-del-estado-de-oaxaca"],"jetpack_featured_media_url":"https:\/\/zonaroja.com.mx\/wp-content\/uploads\/2021\/11\/Samuel-Gurrion-y-Freddy-Gil.jpg","jetpack_sharing_enabled":true,"_links":{"self":[{"href":"https:\/\/zonaroja.com.mx\/index.php?rest_route=\/wp\/v2\/posts\/34425","targetHints":{"allow":["GET"]}}],"collection":[{"href":"https:\/\/zonaroja.com.mx\/index.php?rest_route=\/wp\/v2\/posts"}],"about":[{"href":"https:\/\/zonaroja.com.mx\/index.php?rest_route=\/wp\/v2\/types\/post"}],"author":[{"embeddable":true,"href":"https:\/\/zonaroja.com.mx\/index.php?rest_route=\/wp\/v2\/users\/2"}],"replies":[{"embeddable":true,"href":"https:\/\/zonaroja.com.mx\/index.php?rest_route=%2Fwp%2Fv2%2Fcomments&post=34425"}],"version-history":[{"count":2,"href":"https:\/\/zonaroja.com.mx\/index.php?rest_route=\/wp\/v2\/posts\/34425\/revisions"}],"predecessor-version":[{"id":34429,"href":"https:\/\/zonaroja.com.mx\/index.php?rest_route=\/wp\/v2\/posts\/34425\/revisions\/34429"}],"wp:featuredmedia":[{"embeddable":true,"href":"https:\/\/zonaroja.com.mx\/index.php?rest_route=\/wp\/v2\/media\/34426"}],"wp:attachment":[{"href":"https:\/\/zonaroja.com.mx\/index.php?rest_route=%2Fwp%2Fv2%2Fmedia&parent=34425"}],"wp:term":[{"taxonomy":"category","embeddable":true,"href":"https:\/\/zonaroja.com.mx\/index.php?rest_route=%2Fwp%2Fv2%2Fcategories&post=34425"},{"taxonomy":"post_tag","embeddable":true,"href":"https:\/\/zonaroja.com.mx\/index.php?rest_route=%2Fwp%2Fv2%2Ftags&post=34425"}],"curies":[{"name":"wp","href":"https:\/\/api.w.org\/{rel}","templated":true}]}}