{"id":34430,"date":"2021-11-18T09:09:25","date_gmt":"2021-11-18T15:09:25","guid":{"rendered":"http:\/\/www.zonaroja.com.mx\/?p=34430"},"modified":"2021-11-18T09:09:29","modified_gmt":"2021-11-18T15:09:29","slug":"registra-oaxaca-avances-historicos-en-educacion-indigena","status":"publish","type":"post","link":"https:\/\/zonaroja.com.mx\/?p=34430","title":{"rendered":"Registra Oaxaca avances hist\u00f3ricos en Educaci\u00f3n Ind\u00edgena"},"content":{"rendered":"\n<p>Redacci\u00f3n\/Zona Roja.<\/p>\n\n\n\n<p>Oaxaca de Ju\u00e1rez, Oax. 18 de noviembre de 2021.- En la administraci\u00f3n del gobernador Alejandro Murat Hinojosa, el Instituto Estatal de Educaci\u00f3n P\u00fablica de Oaxaca (IEEPO), que dirige Francisco \u00c1ngel Villarreal, ha brindado a la Educaci\u00f3n Ind\u00edgena en sus diferentes niveles y modalidades, una atenci\u00f3n prioritaria, al estar considerada la poblaci\u00f3n escolar que la conforma como grupo vulnerable, por lo cual se promueven acciones que contribuyan a garantizar la equidad, diversidad \u00e9tnica y ling\u00fc\u00edstica.<\/p>\n\n\n\n<p>Actualmente, en la entidad se atienden en el nivel de preescolar ind\u00edgena a 72 mil 886 infantes en mil 903 escuelas; en primaria ind\u00edgena a 117 mil 876 estudiantes en mil 788 planteles educativos y a 514 ni\u00f1as, ni\u00f1os y adolescentes en seis albergues, ubicados en su mayor\u00eda, en comunidades de alta y muy alta marginaci\u00f3n.<\/p>\n\n\n\n<p>En el trabajo en unidad con el magisterio, autoridades municipales, madres y padres de familia que han fortalecido el Gobernador del Estado y el Director General del IEEPO, entre los principales logros en este rubro destacan el incremento de becas para la alimentaci\u00f3n de alumnos de los seis Centros de Integraci\u00f3n Social (CIS) en el estado, en un 33%, luego de varios a\u00f1os de que este apoyo no se hab\u00eda modificado.<\/p>\n\n\n\n<p>As\u00ed tambi\u00e9n, se dot\u00f3 de mobiliario para los dormitorios de los CIS que presentaban deterioro por el paso del tiempo y se entregaron instrumentos musicales al Centro de Integraci\u00f3n Social de La Sabana, Santiago Juxtlahuaca. Por otra parte, se brind\u00f3 capacitaci\u00f3n en temas pedag\u00f3gicos y ling\u00fc\u00edsticos a los docentes, directores y supervisores del medio ind\u00edgena de manera presencial y a distancia.<\/p>\n\n\n\n<p>De acuerdo con informes de la Unidad de Educaci\u00f3n Ind\u00edgena del IEEPO, en apoyo a este nivel se elaboraron y publicaron materiales bibliogr\u00e1ficos sobre diferentes pueblos y lenguas originarias y se trabaj\u00f3 en la captaci\u00f3n, capacitaci\u00f3n y asignaci\u00f3n de j\u00f3venes bachilleres, con pertinencia cultural, ling\u00fc\u00edstica y arraigo comunitario, a las escuelas de educaci\u00f3n ind\u00edgena mediante la Estrategia Nacional de Iniciaci\u00f3n a la Docencia para el Medio Ind\u00edgena (ENIDMI).<\/p>\n\n\n\n<p>La elaboraci\u00f3n, reproducci\u00f3n y distribuci\u00f3n de cuadernillos de trabajo; capacitaci\u00f3n sobre estrategias para el trabajo en tiempos de contingencia, as\u00ed como el dise\u00f1o y producci\u00f3n radiof\u00f3nica biling\u00fce \u201cAprendiendo desde mi comunidad\u201d, para la atenci\u00f3n de los alumnos del medio ind\u00edgena durante la pandemia, son otras de las acciones que se han fortalecido.<\/p>\n\n\n\n<p>De igual forma, se ha entregado material did\u00e1ctico, material bibliogr\u00e1fico y equipo de c\u00f3mputo a escuelas y supervisiones escolares de educaci\u00f3n ind\u00edgena empadronadas en el Programa Atenci\u00f3n a la Diversidad de la Educaci\u00f3n Ind\u00edgena y capacitaci\u00f3n a albergues o Casas Comedores de la Ni\u00f1ez Ind\u00edgena sobre temas de derechos y desarrollo humano.<\/p>\n\n\n\n<p>Cabe se\u00f1alar que gran parte de la poblaci\u00f3n de alumnos en Educaci\u00f3n Ind\u00edgena es monoling\u00fce en su lengua materna, no tienen acceso a internet y Tecnolog\u00edas de la Informaci\u00f3n, la mayor\u00eda de las escuelas son unitarias y multigrado; de ah\u00ed que, considerando estos factores, el IEEPO ha dado atenci\u00f3n puntual a cada una de las necesidades prioritarias de los alumnos y los docentes.<\/p>\n","protected":false},"excerpt":{"rendered":"<p>Redacci\u00f3n\/Zona Roja. Oaxaca de Ju\u00e1rez, Oax. 18 de noviembre de 2021.- En la administraci\u00f3n del&hellip;<\/p>\n","protected":false},"author":2,"featured_media":34431,"comment_status":"closed","ping_status":"open","sticky":false,"template":"","format":"standard","meta":{"_lmt_disableupdate":"","_lmt_disable":"","_jetpack_memberships_contains_paid_content":false,"footnotes":""},"categories":[109,46],"tags":[2837],"class_list":["post-34430","post","type-post","status-publish","format-standard","has-post-thumbnail","hentry","category-minuto-a-minuto","category-zona-blanca","tag-instituto-estatal-de-educacion-publica-de-oaxaca-ieepo"],"jetpack_featured_media_url":"https:\/\/zonaroja.com.mx\/wp-content\/uploads\/2021\/11\/01-IEEPO-2-3.jpg","jetpack_sharing_enabled":true,"_links":{"self":[{"href":"https:\/\/zonaroja.com.mx\/index.php?rest_route=\/wp\/v2\/posts\/34430","targetHints":{"allow":["GET"]}}],"collection":[{"href":"https:\/\/zonaroja.com.mx\/index.php?rest_route=\/wp\/v2\/posts"}],"about":[{"href":"https:\/\/zonaroja.com.mx\/index.php?rest_route=\/wp\/v2\/types\/post"}],"author":[{"embeddable":true,"href":"https:\/\/zonaroja.com.mx\/index.php?rest_route=\/wp\/v2\/users\/2"}],"replies":[{"embeddable":true,"href":"https:\/\/zonaroja.com.mx\/index.php?rest_route=%2Fwp%2Fv2%2Fcomments&post=34430"}],"version-history":[{"count":1,"href":"https:\/\/zonaroja.com.mx\/index.php?rest_route=\/wp\/v2\/posts\/34430\/revisions"}],"predecessor-version":[{"id":34432,"href":"https:\/\/zonaroja.com.mx\/index.php?rest_route=\/wp\/v2\/posts\/34430\/revisions\/34432"}],"wp:featuredmedia":[{"embeddable":true,"href":"https:\/\/zonaroja.com.mx\/index.php?rest_route=\/wp\/v2\/media\/34431"}],"wp:attachment":[{"href":"https:\/\/zonaroja.com.mx\/index.php?rest_route=%2Fwp%2Fv2%2Fmedia&parent=34430"}],"wp:term":[{"taxonomy":"category","embeddable":true,"href":"https:\/\/zonaroja.com.mx\/index.php?rest_route=%2Fwp%2Fv2%2Fcategories&post=34430"},{"taxonomy":"post_tag","embeddable":true,"href":"https:\/\/zonaroja.com.mx\/index.php?rest_route=%2Fwp%2Fv2%2Ftags&post=34430"}],"curies":[{"name":"wp","href":"https:\/\/api.w.org\/{rel}","templated":true}]}}