{"id":34446,"date":"2021-11-18T22:15:56","date_gmt":"2021-11-19T04:15:56","guid":{"rendered":"http:\/\/www.zonaroja.com.mx\/?p=34446"},"modified":"2021-11-18T22:16:00","modified_gmt":"2021-11-19T04:16:00","slug":"podria-cerrar-minera-cuzcatlan-en-oaxaca-se-perderian-1200-empleos","status":"publish","type":"post","link":"https:\/\/zonaroja.com.mx\/?p=34446","title":{"rendered":"Podr\u00eda cerrar Minera Cuzcatl\u00e1n en Oaxaca; se perder\u00edan 1,200 empleos"},"content":{"rendered":"\n<p>Redacci\u00f3n\/Zona Roja.<\/p>\n\n\n\n<p>Oaxaca de Ju\u00e1rez, Oax., 18 de noviembre de 2021.- La Compa\u00f1\u00eda Minera Cuzcatl\u00e1n, ubicada en San Jos\u00e9 del Progreso, Oaxaca, podr\u00eda cerrar sus puertas, con lo que se perder\u00edan alrededor de mil 200 fuentes de trabajo directo.<\/p>\n\n\n\n<p>Ello al retrasar la Secretar\u00eda del Medio Ambiente y Recursos Naturales la Manifestaci\u00f3n de Impacto Ambiental y en consecuencia l continuaci\u00f3n de operaciones.<\/p>\n\n\n\n<p>Desde inicios de la semana, un grupo de pobladores de San Jos\u00e9 del Progreso, Ocotl\u00e1n, se encuentran en la Ciudad de M\u00e9xico, para protestar de manera pac\u00edfica a fin de exigir a las autoridades federales una audiencia y que apruebe la Manifestaci\u00f3n referida.<\/p>\n\n\n\n<p>Sin embargo, tras una reuni\u00f3n con funcionarios de la Secretar\u00eda de Gobernaci\u00f3n (Segob), no se lograron acuerdos entre las partes, en que participaron tambi\u00e9n transportistas del Sindicato Nacional de la Industria Minera.<\/p>\n\n\n\n<p>Por ello, los manifestantes anunciaron que se mantendr\u00e1n en las inmediaciones de Palacio Nacional hasta que autoridades de alto nivel tomen en cuenta sus peticiones y antes de que la Secretar\u00eda de Medio Ambiente y Recursos Naturales (Semarnat), a cargo de Mar\u00eda Luisa Albores, inicie un procedimiento de cierre.<\/p>\n\n\n\n<p>El secretario general del Sindicato Nacional de la Industria Minera, Sa\u00fal Molina Jim\u00e9nez, declar\u00f3 que en la reuni\u00f3n, realizada en las instalaciones de la Secretar\u00eda de Gobernaci\u00f3n, se presentaron funcionarios sin cargos directivos que s\u00f3lo tomaron nota de la inconformidad de los manifestantes, pero no portaban una soluci\u00f3n al problema; situaci\u00f3n que consider\u00f3 irrespetuosa para las casi 800 personas que se trasladaron desde el municipio de San Jos\u00e9 del Progreso, Oaxaca.<\/p>\n\n\n\n<p>Declar\u00f3 que si no hay una atenci\u00f3n m\u00e1s contundente o si continua la falta de acuerdos, intensificar\u00e1n sus manifestaciones de protesta.<\/p>\n\n\n\n<p>Integrantes de la comunidad de San Jos\u00e9 del Progreso, Oaxaca, mostraron decepci\u00f3n porque saben que en caso de que la Semarnat no otorgue la ampliaci\u00f3n de la MIA a Compa\u00f1\u00eda Minera Cuzcatl\u00e1n, los m\u00e1s de mil 200 trabajadores de la mina perder\u00e1n su empleo y por lo tanto las m\u00e1s de seis mil personas que dependen de este sustento resultar\u00e1n directamente afectados.<\/p>\n\n\n\n<p>Transportistas y otros proveedores que ofrecen sus servicios a la unidad minera ubicada en San Jos\u00e9 del Progreso, Oaxaca, comentaron que el cierre de la mina los dejar\u00eda con limitadas alternativas de ingresos econ\u00f3micos, ya que en dicha regi\u00f3n no existe otra actividad tan redituable como la operaci\u00f3n minera.<\/p>\n\n\n\n<p>Por ello, solicitaron al gobierno del Presidente Andr\u00e9s Manuel L\u00f3pez Obrador gire instrucciones a la titular de la Semarnat, Mar\u00eda Luisa Albores, para que conceda el permiso a la minera, pues cumple, desde hace m\u00e1s de 10 a\u00f1os, con los lineamientos ambientales, comunitarios, fiscales, legales, salubres y de seguridad que las autoridades y legislaci\u00f3n mexicana exige.<\/p>\n","protected":false},"excerpt":{"rendered":"<p>Redacci\u00f3n\/Zona Roja. Oaxaca de Ju\u00e1rez, Oax., 18 de noviembre de 2021.- La Compa\u00f1\u00eda Minera Cuzcatl\u00e1n,&hellip;<\/p>\n","protected":false},"author":2,"featured_media":34447,"comment_status":"closed","ping_status":"open","sticky":false,"template":"","format":"standard","meta":{"_lmt_disableupdate":"","_lmt_disable":"","_jetpack_memberships_contains_paid_content":false,"footnotes":""},"categories":[109,47],"tags":[2326],"class_list":["post-34446","post","type-post","status-publish","format-standard","has-post-thumbnail","hentry","category-minuto-a-minuto","category-zona-gris","tag-compania-minera-cuzcatlan"],"jetpack_featured_media_url":"https:\/\/zonaroja.com.mx\/wp-content\/uploads\/2021\/11\/Protesta-mineros-Cuzcatlan-Cdmx.jpg","jetpack_sharing_enabled":true,"_links":{"self":[{"href":"https:\/\/zonaroja.com.mx\/index.php?rest_route=\/wp\/v2\/posts\/34446","targetHints":{"allow":["GET"]}}],"collection":[{"href":"https:\/\/zonaroja.com.mx\/index.php?rest_route=\/wp\/v2\/posts"}],"about":[{"href":"https:\/\/zonaroja.com.mx\/index.php?rest_route=\/wp\/v2\/types\/post"}],"author":[{"embeddable":true,"href":"https:\/\/zonaroja.com.mx\/index.php?rest_route=\/wp\/v2\/users\/2"}],"replies":[{"embeddable":true,"href":"https:\/\/zonaroja.com.mx\/index.php?rest_route=%2Fwp%2Fv2%2Fcomments&post=34446"}],"version-history":[{"count":1,"href":"https:\/\/zonaroja.com.mx\/index.php?rest_route=\/wp\/v2\/posts\/34446\/revisions"}],"predecessor-version":[{"id":34448,"href":"https:\/\/zonaroja.com.mx\/index.php?rest_route=\/wp\/v2\/posts\/34446\/revisions\/34448"}],"wp:featuredmedia":[{"embeddable":true,"href":"https:\/\/zonaroja.com.mx\/index.php?rest_route=\/wp\/v2\/media\/34447"}],"wp:attachment":[{"href":"https:\/\/zonaroja.com.mx\/index.php?rest_route=%2Fwp%2Fv2%2Fmedia&parent=34446"}],"wp:term":[{"taxonomy":"category","embeddable":true,"href":"https:\/\/zonaroja.com.mx\/index.php?rest_route=%2Fwp%2Fv2%2Fcategories&post=34446"},{"taxonomy":"post_tag","embeddable":true,"href":"https:\/\/zonaroja.com.mx\/index.php?rest_route=%2Fwp%2Fv2%2Ftags&post=34446"}],"curies":[{"name":"wp","href":"https:\/\/api.w.org\/{rel}","templated":true}]}}