{"id":3445,"date":"2019-08-27T19:05:26","date_gmt":"2019-08-28T00:05:26","guid":{"rendered":"http:\/\/www.zonaroja.com.mx\/?p=3445"},"modified":"2019-08-27T19:05:29","modified_gmt":"2019-08-28T00:05:29","slug":"pierde-fiscalia-otro-caso-de-feminicidio-por-falta-de-pruebas-liberan-a-acusado","status":"publish","type":"post","link":"https:\/\/zonaroja.com.mx\/?p=3445","title":{"rendered":"Pierde Fiscal\u00eda otro caso de feminicidio; por falta de pruebas liberan a acusado"},"content":{"rendered":"\n<p>Redacci\u00f3n\/Zona\nRoja.<\/p>\n\n\n\n<p>Oaxaca de Ju\u00e1rez, Oax., 27 de agosto de 2019.- \u201cLa\nInstituci\u00f3n de procuraci\u00f3n de justicia reitera su firme compromiso de no\npermitir que hechos como \u00e9ste queden impunes y aplicar todo el peso de la ley\ncontra quienes lesionen los derechos de mujeres\u201d, cerr\u00f3 la Fiscal\u00eda General del\nEstado su bolet\u00edn del 21 de agosto pasado, al presumir la aprehensi\u00f3n de un\nprobable feminicida.<\/p>\n\n\n\n<p>Sin embargo, este 26 de agosto, por falta de pruebas fehacientes de la Fiscal\u00eda que preside Rub\u00e9n Vasconcelos M\u00e9ndez, el juez de la causa determin\u00f3 la no vinculaci\u00f3n a proceso y libertad de Esa\u00fa R. F. G., quien estuvo acusado de asesinar a Guadalupe S. R., de 36 a\u00f1os de edad, tras haber sido reportada como desaparecida el 28 de enero de 2018 en San Lorenzo Cacaotepec, Etla.<\/p>\n\n\n\n<p>En la audiencia que se celebr\u00f3 ayer, un defensor p\u00fablico\nargument\u00f3 que el Ministerio P\u00fablico no present\u00f3 pruebas suficientes para\nimputar a su defendido. <\/p>\n\n\n\n<p>Lo \u00fanico que puso a disposici\u00f3n del juez son unas\nfotograf\u00edas donde la trabajadora de una fonda reconoci\u00f3 a Esa\u00fa que frecuentaba\nel lugar y que se habr\u00eda llevado a una mujer en un coche, m\u00e1s no el\nse\u00f1alamiento directo de que atestigu\u00f3 el crimen.<\/p>\n\n\n\n<p>Adem\u00e1s, la Fiscal\u00eda aport\u00f3 videos de c\u00e1maras de seguridad de\nSan Lorenzo Cacaotepec de un veh\u00edculo en que supuestamente viajaba el\nfeminicida, pero no comprob\u00f3 si ah\u00ed se llevaba el cuerpo de Guadalupe.<\/p>\n\n\n\n<p>Asimismo, present\u00f3 testimonios de familiares, pero ninguno demuestra\nla presencia de Esa\u00fa a la hora del secuestro o asesinato de la mujer; ante las\ninsuficientes pruebas, el juez de la causa decret\u00f3 la no vinculaci\u00f3n a proceso\ny auto de libertad.<\/p>\n\n\n\n<p>Guadalupe desapareci\u00f3 el domingo 28 de enero del 2018 en una\nfonda en San Felipe Tejal\u00e1pam y presuntamente se la llevaron unas personas a\nbordo de un autom\u00f3vil marca Chevrolet, tipo Chevy.<\/p>\n\n\n\n<p>El 4 de\nfebrero en una loma del barrio La Soledad en San Lorenzo Cacaotepec, Etla, fue\nhallado el cuerpo de la mujer, con traumatismo de cr\u00e1neo y en estado de descomposici\u00f3n.<\/p>\n\n\n\n<p>\u201cAprehendimos y llevamos ante Juez a probable feminicida, en Valles Centrales; no habr\u00e1 impunidad en ning\u00fan crimen: Fiscal\u00eda General\u201d, titul\u00f3 el \u00f3rgano que encabeza Rub\u00e9n Vasconcelos M\u00e9ndez en su bolet\u00edn; no obstante, el caso de la causa penal 0104\/2018, contin\u00faa impune.<\/p>\n","protected":false},"excerpt":{"rendered":"<p>Redacci\u00f3n\/Zona Roja. Oaxaca de Ju\u00e1rez, Oax., 27 de agosto de 2019.- \u201cLa Instituci\u00f3n de procuraci\u00f3n&hellip;<\/p>\n","protected":false},"author":2,"featured_media":2207,"comment_status":"closed","ping_status":"open","sticky":false,"template":"","format":"standard","meta":{"_lmt_disableupdate":"","_lmt_disable":"","_jetpack_memberships_contains_paid_content":false,"footnotes":""},"categories":[109,51],"tags":[610],"class_list":["post-3445","post","type-post","status-publish","format-standard","has-post-thumbnail","hentry","category-minuto-a-minuto","category-zona-roja","tag-feminicidios-oaxaca"],"jetpack_featured_media_url":"https:\/\/zonaroja.com.mx\/wp-content\/uploads\/2019\/07\/4c798f75-faa2-4692-91a2-94726715cec0.jpg","jetpack_sharing_enabled":true,"_links":{"self":[{"href":"https:\/\/zonaroja.com.mx\/index.php?rest_route=\/wp\/v2\/posts\/3445","targetHints":{"allow":["GET"]}}],"collection":[{"href":"https:\/\/zonaroja.com.mx\/index.php?rest_route=\/wp\/v2\/posts"}],"about":[{"href":"https:\/\/zonaroja.com.mx\/index.php?rest_route=\/wp\/v2\/types\/post"}],"author":[{"embeddable":true,"href":"https:\/\/zonaroja.com.mx\/index.php?rest_route=\/wp\/v2\/users\/2"}],"replies":[{"embeddable":true,"href":"https:\/\/zonaroja.com.mx\/index.php?rest_route=%2Fwp%2Fv2%2Fcomments&post=3445"}],"version-history":[{"count":1,"href":"https:\/\/zonaroja.com.mx\/index.php?rest_route=\/wp\/v2\/posts\/3445\/revisions"}],"predecessor-version":[{"id":3446,"href":"https:\/\/zonaroja.com.mx\/index.php?rest_route=\/wp\/v2\/posts\/3445\/revisions\/3446"}],"wp:featuredmedia":[{"embeddable":true,"href":"https:\/\/zonaroja.com.mx\/index.php?rest_route=\/wp\/v2\/media\/2207"}],"wp:attachment":[{"href":"https:\/\/zonaroja.com.mx\/index.php?rest_route=%2Fwp%2Fv2%2Fmedia&parent=3445"}],"wp:term":[{"taxonomy":"category","embeddable":true,"href":"https:\/\/zonaroja.com.mx\/index.php?rest_route=%2Fwp%2Fv2%2Fcategories&post=3445"},{"taxonomy":"post_tag","embeddable":true,"href":"https:\/\/zonaroja.com.mx\/index.php?rest_route=%2Fwp%2Fv2%2Ftags&post=3445"}],"curies":[{"name":"wp","href":"https:\/\/api.w.org\/{rel}","templated":true}]}}