{"id":34459,"date":"2021-11-19T07:51:58","date_gmt":"2021-11-19T13:51:58","guid":{"rendered":"http:\/\/www.zonaroja.com.mx\/?p=34459"},"modified":"2021-11-19T07:52:02","modified_gmt":"2021-11-19T13:52:02","slug":"tendra-oaxaca-extensiones-de-la-unam-un-edificio-sede-ya-se-construye","status":"publish","type":"post","link":"https:\/\/zonaroja.com.mx\/?p=34459","title":{"rendered":"Tendr\u00e1 Oaxaca extensiones de la UNAM; un edificio sede ya se construye"},"content":{"rendered":"\n<p>Redacci\u00f3n\/Zona Roja.<\/p>\n\n\n\n<p>Oaxaca de Ju\u00e1rez, Oax., 18 de noviembre de 2021.- La Universidad Nacional Aut\u00f3noma de M\u00e9xico (UNAM) tendr\u00e1 sedes de diversas instituciones en Oaxaca y uno de los edificios ya se construye.<\/p>\n\n\n\n<p>En la avenida Independencia esquina con Melchor Ocampo, del Centro Hist\u00f3rico de la capital, se edifica la Unidad Multidisciplinaria de Investigaci\u00f3n Cient\u00edfica y Human\u00edstica de esta instituci\u00f3n, inmueble que albergar\u00e1 a los Institutos de Geograf\u00eda, Matem\u00e1ticas e Investigaciones Est\u00e9ticas, as\u00ed como el programa intercultural.<\/p>\n\n\n\n<p>En tanto, la antigua sede del IEEPO, en Santa Luc\u00eda del Camino, se busca conformar la Escuela Nacional de Estudios Superiores, Unidad Oaxaca de la UNAM.<\/p>\n\n\n\n<p>El rector de la UNAM, Enrique Graue Wiechers, y el gobernador Alejandro Murat, supervisaron ayer los avances de la construcci\u00f3n del primer inmueble, en el que se destinan 85.4 millones de pesos y permitir\u00e1 tener a los mejores representantes de la academia del pa\u00eds y del mundo en Oaxaca.<\/p>\n\n\n\n<p>\u201cEste espacio era un lugar abandonado y ahora se ha convertido en un edificio que est\u00e1 generando empleo; pero lo m\u00e1s importante es que al interior se va a generar conocimiento, una interacci\u00f3n que retroalimentar\u00e1 a Oaxaca\u201d, afirm\u00f3 el mandatario, al tiempo de refrendar el compromiso del Gobierno de Oaxaca para seguir sumando voluntades con la UNAM, en beneficio de la educaci\u00f3n.<\/p>\n\n\n\n<figure class=\"wp-block-embed is-type-rich is-provider-twitter wp-block-embed-twitter\"><div class=\"wp-block-embed__wrapper\">\n<div class=\"twitter-tweet\"><blockquote class=\"twitter-tweet\" data-lang=\"es\"><p lang=\"es\" dir=\"ltr\">El gobernador <a href=\"https:\/\/twitter.com\/alejandromurat?ref_src=twsrc%5Etfw\">@alejandromurat<\/a> y el rector de la <a href=\"https:\/\/twitter.com\/UNAM_MX?ref_src=twsrc%5Etfw\">@UNAM_MX<\/a>, Enrique Graue, anunciaron la creaci\u00f3n en <a href=\"https:\/\/twitter.com\/hashtag\/Oaxaca?src=hash&amp;ref_src=twsrc%5Etfw\">#Oaxaca<\/a> de una unidad acad\u00e9mica de la m\u00e1xima casa de estudios del pa\u00eds. <a href=\"https:\/\/t.co\/fpremw29ss\">pic.twitter.com\/fpremw29ss<\/a><\/p>&mdash; Zona Roja Oaxaca (@Zona_Roja_Oax) <a href=\"https:\/\/twitter.com\/Zona_Roja_Oax\/status\/1461481472104321025?ref_src=twsrc%5Etfw\">18 de noviembre de 2021<\/a><\/blockquote><\/div>\n<\/div><\/figure>\n\n\n\n<p>En su oportunidad, y luego de conocer que esta Unidad Acad\u00e9mica registra un avance del 50 por ciento en su construcci\u00f3n, el rector de la UNAM, Enrique Graue Wiechers, expres\u00f3 que si todo marcha de acuerdo a lo programado, la obra se estar\u00e1 inaugurando a mediados del pr\u00f3ximo a\u00f1o.<\/p>\n\n\n\n<p>Asimismo, dijo que en el marco de esta visita, y como resultado de la buena relaci\u00f3n con el Gobierno de Oaxaca, se busca conformar la Escuela Nacional de Estudios Superiores, Unidad Oaxaca de la UNAM, en el antiguo inmueble del IEEPO, con la finalidad de brindar una oferta educativa innovadora, respetando la no competitividad con otras instituciones de educaci\u00f3n superior, que vea al futuro y tenga arraigo de identidad en Oaxaca, un estado al que dijo \u201cel pa\u00eds le debe tanto\u201d.<\/p>\n\n\n\n<p>La Unidad Multidisciplinaria de Investigaci\u00f3n Cient\u00edfica y Human\u00edstica ya cuenta con trabajos de suministro y tendido de concreto en losa de azotea, puntalamiento de losacero en planta baja y planta alta, as\u00ed como el montaje de estructura met\u00e1lica de columnas y vigas. Los trabajos de alba\u00f1iler\u00eda y acabados e instalaciones a\u00fan se encuentran en procedimiento de licitaci\u00f3n p\u00fablica nacional.<\/p>\n\n\n\n<p>Posteriormente el Gobernador y el Rector sostuvieron una reuni\u00f3n con el objetivo de establecer los mecanismos de coordinaci\u00f3n y cooperaci\u00f3n entre la Universidad y el Gobierno del Estado, para el desarrollo de la educaci\u00f3n superior en Oaxaca.<\/p>\n","protected":false},"excerpt":{"rendered":"<p>Redacci\u00f3n\/Zona Roja. Oaxaca de Ju\u00e1rez, Oax., 18 de noviembre de 2021.- La Universidad Nacional Aut\u00f3noma&hellip;<\/p>\n","protected":false},"author":2,"featured_media":34460,"comment_status":"closed","ping_status":"open","sticky":false,"template":"","format":"standard","meta":{"_lmt_disableupdate":"","_lmt_disable":"","_jetpack_memberships_contains_paid_content":false,"footnotes":""},"categories":[109,46],"tags":[173],"class_list":["post-34459","post","type-post","status-publish","format-standard","has-post-thumbnail","hentry","category-minuto-a-minuto","category-zona-blanca","tag-alejandro-murat-hinojosa"],"jetpack_featured_media_url":"https:\/\/zonaroja.com.mx\/wp-content\/uploads\/2021\/11\/Gobierno-de-Alejandro-Murat-impulsa-el-establecimiento-de-la-UNAM-en-Oaxaca-3.jpeg","jetpack_sharing_enabled":true,"_links":{"self":[{"href":"https:\/\/zonaroja.com.mx\/index.php?rest_route=\/wp\/v2\/posts\/34459","targetHints":{"allow":["GET"]}}],"collection":[{"href":"https:\/\/zonaroja.com.mx\/index.php?rest_route=\/wp\/v2\/posts"}],"about":[{"href":"https:\/\/zonaroja.com.mx\/index.php?rest_route=\/wp\/v2\/types\/post"}],"author":[{"embeddable":true,"href":"https:\/\/zonaroja.com.mx\/index.php?rest_route=\/wp\/v2\/users\/2"}],"replies":[{"embeddable":true,"href":"https:\/\/zonaroja.com.mx\/index.php?rest_route=%2Fwp%2Fv2%2Fcomments&post=34459"}],"version-history":[{"count":1,"href":"https:\/\/zonaroja.com.mx\/index.php?rest_route=\/wp\/v2\/posts\/34459\/revisions"}],"predecessor-version":[{"id":34461,"href":"https:\/\/zonaroja.com.mx\/index.php?rest_route=\/wp\/v2\/posts\/34459\/revisions\/34461"}],"wp:featuredmedia":[{"embeddable":true,"href":"https:\/\/zonaroja.com.mx\/index.php?rest_route=\/wp\/v2\/media\/34460"}],"wp:attachment":[{"href":"https:\/\/zonaroja.com.mx\/index.php?rest_route=%2Fwp%2Fv2%2Fmedia&parent=34459"}],"wp:term":[{"taxonomy":"category","embeddable":true,"href":"https:\/\/zonaroja.com.mx\/index.php?rest_route=%2Fwp%2Fv2%2Fcategories&post=34459"},{"taxonomy":"post_tag","embeddable":true,"href":"https:\/\/zonaroja.com.mx\/index.php?rest_route=%2Fwp%2Fv2%2Ftags&post=34459"}],"curies":[{"name":"wp","href":"https:\/\/api.w.org\/{rel}","templated":true}]}}