{"id":34462,"date":"2021-11-19T08:15:00","date_gmt":"2021-11-19T14:15:00","guid":{"rendered":"http:\/\/www.zonaroja.com.mx\/?p=34462"},"modified":"2021-11-19T08:15:05","modified_gmt":"2021-11-19T14:15:05","slug":"secuestran-y-asesinan-a-adolescente-en-puerto-escondido-oaxaca","status":"publish","type":"post","link":"https:\/\/zonaroja.com.mx\/?p=34462","title":{"rendered":"Secuestran y asesinan a adolescente en Puerto Escondido, Oaxaca"},"content":{"rendered":"\n<p>Redacci\u00f3n\/Zona Roja.<\/p>\n\n\n\n<p>Oaxaca de Ju\u00e1rez, Oax., 19 de noviembre de 2021.- Un adolescente fue secuestrado y posteriormente asesinado, en el destino tur\u00edstico de Puerto Escondido, agencia de San Pedro Mixtepec, Oaxaca.<\/p>\n\n\n\n<p>Se trata de Gustavo \u00c1ngel V. C., de 16 a\u00f1os de edad, quien desapareci\u00f3 de su hogar el 10 de noviembre pasado, ubicado en la localidad de Barra de Navidad, Santa Mar\u00eda Colotepec.<\/p>\n\n\n\n<p>Sin embargo, posteriormente sujetos desconocidos llamaron a sus familiares pidiendo rescate para regresarlo con vida; a la par de dar aviso a las autoridades, ya hab\u00edan reunido la cantidad de 350 mil pesos.<\/p>\n\n\n\n<p>Sin embargo, elementos de la Agencia Estatal de Investigaciones localizaron el cuerpo sin vida, con las mismas caracter\u00edsticas del joven, en inmediaciones de la localidad de Ventanilla.<\/p>\n\n\n\n<p>El cuerpo se encontraba ya en estado de descomposici\u00f3n y presentaba golpes y huellas de tortura. Hasta el momento no se tienen indicios del o los probables secuestradores.<\/p>\n\n\n\n<p>SIN PISTAS DE ASALTANTES<\/p>\n\n\n\n<figure class=\"wp-block-embed is-type-rich is-provider-twitter wp-block-embed-twitter\"><div class=\"wp-block-embed__wrapper\">\n<div class=\"twitter-tweet\"><blockquote class=\"twitter-tweet\" data-lang=\"es\"><p lang=\"es\" dir=\"ltr\"><a href=\"https:\/\/twitter.com\/hashtag\/ENVIVO?src=hash&amp;ref_src=twsrc%5Etfw\">#ENVIVO<\/a> <br>San Antonio de la Cal, Oax., 18 de noviembre de 2021.- Asalto violento a autoridades de San Pedro Quiatoni; al menos medio mill\u00f3n de pesos el bot\u00edn, seg\u00fan se inform\u00f3 de manera preliminar.<br>Aqu\u00ed la transmisi\u00f3n:<br>\ud83d\udc47<a href=\"https:\/\/t.co\/SZhOUn6zRe\">https:\/\/t.co\/SZhOUn6zRe<\/a> <a href=\"https:\/\/t.co\/x4mYU17l8q\">pic.twitter.com\/x4mYU17l8q<\/a><\/p>&mdash; Zona Roja Oaxaca (@Zona_Roja_Oax) <a href=\"https:\/\/twitter.com\/Zona_Roja_Oax\/status\/1461397739179110401?ref_src=twsrc%5Etfw\">18 de noviembre de 2021<\/a><\/blockquote><\/div>\n<\/div><\/figure>\n\n\n\n<p>Por otra parte, hasta el momento la Fiscal\u00eda General del Estado no tiene indicios del paradero de dos sujetos que asaltaron de manera violenta ayer al mediod\u00eda a autoridades de San Pedro Quiatoni y les robaron alrededor de 500 mil pesos.<\/p>\n\n\n\n<p>Las v\u00edctimas reci\u00e9n hab\u00edan retirado el dinero en una sucursal del centro comercial Plaza del Valle y se desplazaban sobre la avenida S\u00edmbolos Patrios, pero metros adelante del crucero vial de La Experimental, fueron interceptados.<\/p>\n\n\n\n<p>Dos sujetos con armas los enca\u00f1onaron y golpearon a uno de ellos con la cacha de la pistola para arrebatarles el dinero, tras lo cual huyeron.<\/p>\n\n\n\n<p>Una de las v\u00edctimas se identific\u00f3 como el tesorero del Comit\u00e9 Comunitario de Participaci\u00f3n Social de Pavimentaci\u00f3n de Caminos a Cabeceras Municipales, Gonzalo L. S., y el otro dijo ser el regidor de Panteones, quienes presentaron su denuncia correspondiente ante la Fiscal\u00eda General del Estado de Oaxaca.<\/p>\n","protected":false},"excerpt":{"rendered":"<p>Redacci\u00f3n\/Zona Roja. Oaxaca de Ju\u00e1rez, Oax., 19 de noviembre de 2021.- Un adolescente fue secuestrado&hellip;<\/p>\n","protected":false},"author":2,"featured_media":30407,"comment_status":"closed","ping_status":"open","sticky":false,"template":"","format":"standard","meta":{"_lmt_disableupdate":"","_lmt_disable":"","_jetpack_memberships_contains_paid_content":false,"footnotes":""},"categories":[109,51],"tags":[],"class_list":["post-34462","post","type-post","status-publish","format-standard","has-post-thumbnail","hentry","category-minuto-a-minuto","category-zona-roja"],"jetpack_featured_media_url":"https:\/\/zonaroja.com.mx\/wp-content\/uploads\/2021\/08\/Escena-del-crimen-homicidio-violencia.jpg","jetpack_sharing_enabled":true,"_links":{"self":[{"href":"https:\/\/zonaroja.com.mx\/index.php?rest_route=\/wp\/v2\/posts\/34462","targetHints":{"allow":["GET"]}}],"collection":[{"href":"https:\/\/zonaroja.com.mx\/index.php?rest_route=\/wp\/v2\/posts"}],"about":[{"href":"https:\/\/zonaroja.com.mx\/index.php?rest_route=\/wp\/v2\/types\/post"}],"author":[{"embeddable":true,"href":"https:\/\/zonaroja.com.mx\/index.php?rest_route=\/wp\/v2\/users\/2"}],"replies":[{"embeddable":true,"href":"https:\/\/zonaroja.com.mx\/index.php?rest_route=%2Fwp%2Fv2%2Fcomments&post=34462"}],"version-history":[{"count":1,"href":"https:\/\/zonaroja.com.mx\/index.php?rest_route=\/wp\/v2\/posts\/34462\/revisions"}],"predecessor-version":[{"id":34463,"href":"https:\/\/zonaroja.com.mx\/index.php?rest_route=\/wp\/v2\/posts\/34462\/revisions\/34463"}],"wp:featuredmedia":[{"embeddable":true,"href":"https:\/\/zonaroja.com.mx\/index.php?rest_route=\/wp\/v2\/media\/30407"}],"wp:attachment":[{"href":"https:\/\/zonaroja.com.mx\/index.php?rest_route=%2Fwp%2Fv2%2Fmedia&parent=34462"}],"wp:term":[{"taxonomy":"category","embeddable":true,"href":"https:\/\/zonaroja.com.mx\/index.php?rest_route=%2Fwp%2Fv2%2Fcategories&post=34462"},{"taxonomy":"post_tag","embeddable":true,"href":"https:\/\/zonaroja.com.mx\/index.php?rest_route=%2Fwp%2Fv2%2Ftags&post=34462"}],"curies":[{"name":"wp","href":"https:\/\/api.w.org\/{rel}","templated":true}]}}