{"id":34467,"date":"2021-11-19T08:46:13","date_gmt":"2021-11-19T14:46:13","guid":{"rendered":"http:\/\/www.zonaroja.com.mx\/?p=34467"},"modified":"2021-11-19T11:48:48","modified_gmt":"2021-11-19T17:48:48","slug":"oaxaca-se-queda-sin-combatientes-de-incendios-aumentaron-conflagraciones","status":"publish","type":"post","link":"https:\/\/zonaroja.com.mx\/?p=34467","title":{"rendered":"Oaxaca se queda sin combatientes de incendios; aumentaron conflagraciones"},"content":{"rendered":"\n<p>Yuridiana Sosa\/Zona Roja.<\/p>\n\n\n\n<p>Oaxaca de Ju\u00e1rez, Oax., 19 de noviembre de 2021.- Mientras que la entidad ya super\u00f3 la cifra de hect\u00e1reas devastadas por incendios en 2021, pero con menos conflagraciones que en el 2020, el director de la Comisi\u00f3n Estatal Forestal (Coesfo) denunci\u00f3 la falta de presupuesto y la carencia de equipo de combate de incendios.<\/p>\n\n\n\n<p>Al corte de este jueves, Oaxaca se posicion\u00f3 como la novena entidad con mayor superficie afectada por incendios durante este a\u00f1o, al acumular 31 mil 740.60 hect\u00e1reas da\u00f1adas y 189 incendios forestales.<\/p>\n\n\n\n<p>Al cierre del 2020, la entidad acumul\u00f3 231 conflagraciones, con un aproximado de 20 mil 827 hect\u00e1reas siniestradas, de acuerdo a datos de la Comisi\u00f3n Estatal Forestal (Coesfo).<\/p>\n\n\n\n<p>Pero el escenario para Oaxaca al t\u00e9rmino del 2021 puede ser peor, pues de acuerdo al director de la Coesfo, Aar\u00f3n Ju\u00e1rez, la dependencia no cuenta con equipo combatiente de incendios.<\/p>\n\n\n\n<p>A trav\u00e9s de su cuenta de twitter, el pasado 2 de noviembre, el funcionario public\u00f3 sobre esta carencia por la que atraviesa la dependencia que dirige.<\/p>\n\n\n\n<p>\u201cComo ciudadanos la prevenci\u00f3n y concientizaci\u00f3n son medidas para contribuir a disminuir Incendios Forestales. A los Diputados contribuir con el presupuesto que permita a la Coesfo contar con recursos para el combate. Hoy no contamos con combatientes\u201d, expres\u00f3 en el mensaje en el que mencion\u00f3 al gobernador del estado, Alejandro Murat Hinojosa.<\/p>\n\n\n\n<p>Sin embargo, el director ha evitado detallar a ZONA ROJA sobre este problema en materia del combate a incendios y de esta forma aclarar las condiciones actuales de la Coesfo para enfrentar los siniestros el resto del a\u00f1o.<\/p>\n","protected":false},"excerpt":{"rendered":"<p>Yuridiana Sosa\/Zona Roja. Oaxaca de Ju\u00e1rez, Oax., 19 de noviembre de 2021.- Mientras que la&hellip;<\/p>\n","protected":false},"author":2,"featured_media":10382,"comment_status":"closed","ping_status":"open","sticky":false,"template":"","format":"standard","meta":{"_lmt_disableupdate":"","_lmt_disable":"","_jetpack_memberships_contains_paid_content":false,"footnotes":""},"categories":[109,47],"tags":[1255],"class_list":["post-34467","post","type-post","status-publish","format-standard","has-post-thumbnail","hentry","category-minuto-a-minuto","category-zona-gris","tag-comision-estatal-forestal-de-oaxaca"],"jetpack_featured_media_url":"https:\/\/zonaroja.com.mx\/wp-content\/uploads\/2020\/03\/Incendios-forestales.jpg","jetpack_sharing_enabled":true,"_links":{"self":[{"href":"https:\/\/zonaroja.com.mx\/index.php?rest_route=\/wp\/v2\/posts\/34467","targetHints":{"allow":["GET"]}}],"collection":[{"href":"https:\/\/zonaroja.com.mx\/index.php?rest_route=\/wp\/v2\/posts"}],"about":[{"href":"https:\/\/zonaroja.com.mx\/index.php?rest_route=\/wp\/v2\/types\/post"}],"author":[{"embeddable":true,"href":"https:\/\/zonaroja.com.mx\/index.php?rest_route=\/wp\/v2\/users\/2"}],"replies":[{"embeddable":true,"href":"https:\/\/zonaroja.com.mx\/index.php?rest_route=%2Fwp%2Fv2%2Fcomments&post=34467"}],"version-history":[{"count":2,"href":"https:\/\/zonaroja.com.mx\/index.php?rest_route=\/wp\/v2\/posts\/34467\/revisions"}],"predecessor-version":[{"id":34472,"href":"https:\/\/zonaroja.com.mx\/index.php?rest_route=\/wp\/v2\/posts\/34467\/revisions\/34472"}],"wp:featuredmedia":[{"embeddable":true,"href":"https:\/\/zonaroja.com.mx\/index.php?rest_route=\/wp\/v2\/media\/10382"}],"wp:attachment":[{"href":"https:\/\/zonaroja.com.mx\/index.php?rest_route=%2Fwp%2Fv2%2Fmedia&parent=34467"}],"wp:term":[{"taxonomy":"category","embeddable":true,"href":"https:\/\/zonaroja.com.mx\/index.php?rest_route=%2Fwp%2Fv2%2Fcategories&post=34467"},{"taxonomy":"post_tag","embeddable":true,"href":"https:\/\/zonaroja.com.mx\/index.php?rest_route=%2Fwp%2Fv2%2Ftags&post=34467"}],"curies":[{"name":"wp","href":"https:\/\/api.w.org\/{rel}","templated":true}]}}