{"id":34473,"date":"2021-11-19T16:11:19","date_gmt":"2021-11-19T22:11:19","guid":{"rendered":"http:\/\/www.zonaroja.com.mx\/?p=34473"},"modified":"2021-11-19T16:11:23","modified_gmt":"2021-11-19T22:11:23","slug":"inculpan-a-ex-diputado-gustavo-d-s-dos-homicidios-en-oaxaca","status":"publish","type":"post","link":"https:\/\/zonaroja.com.mx\/?p=34473","title":{"rendered":"Inculpan a ex diputado Gustavo D. S. dos homicidios en Oaxaca"},"content":{"rendered":"\n<p>Ismael Garc\u00eda M.\/Zona Roja.<\/p>\n\n\n\n<p>Oaxaca de Juarez, Oax., 19 de noviembre de 2021.- El diputado local por el PRI, Gustavo D. S., habr\u00eda cometido dos cr\u00edmenes en Oaxaca, por los cuales hace tres d\u00edas, un juez de la causa emiti\u00f3 las respectivas \u00f3rdenes de aprehensi\u00f3n.<\/p>\n\n\n\n<p>Estos mandatos judiciales le fueron notificadas al inculpado y se suman al proceso que las autoridades de Veracruz llevan en contra del ex legislador y ex edil de Cosolapa, detenido el pasado 4 de noviembre en el municipio de Fort\u00edn de las Flores.<\/p>\n\n\n\n<p>Hasta el momento, la Fiscal\u00eda General del Estado de Oaxaca no ha confirmado la informaci\u00f3n, pero fuentes oficiales confirmaron a ZONA ROJA la informaci\u00f3n.<\/p>\n\n\n\n<p>Se prev\u00e9 que el pr\u00f3ximo fin de semana, Gustavo D. S., alias \u201cEl Gato\u201d, sea vinculado a proceso por parte del juez local.<\/p>\n\n\n\n<p>Por los delitos federales que se le acusa en el estado de Veracruz, interviene tambi\u00e9n la Fiscal\u00eda General de la Rep\u00fablica en el proceso y actualmente, el ex legislador y actual legislador &#8211;que debi\u00f3 tomar posesi\u00f3n del cargo el pasado 13 de noviembre, tras haber sido reelecto&#8211; se encuentra recluido en un penal del estado de Michoac\u00e1n.<\/p>\n","protected":false},"excerpt":{"rendered":"<p>Ismael Garc\u00eda M.\/Zona Roja. Oaxaca de Juarez, Oax., 19 de noviembre de 2021.- El diputado&hellip;<\/p>\n","protected":false},"author":2,"featured_media":33955,"comment_status":"closed","ping_status":"open","sticky":false,"template":"","format":"standard","meta":{"_lmt_disableupdate":"","_lmt_disable":"","_jetpack_memberships_contains_paid_content":false,"footnotes":""},"categories":[109,47],"tags":[671],"class_list":["post-34473","post","type-post","status-publish","format-standard","has-post-thumbnail","hentry","category-minuto-a-minuto","category-zona-gris","tag-gustavo-diaz-sanchez"],"jetpack_featured_media_url":"https:\/\/zonaroja.com.mx\/wp-content\/uploads\/2021\/11\/Gustavo-Diaz-S.jpg","jetpack_sharing_enabled":true,"_links":{"self":[{"href":"https:\/\/zonaroja.com.mx\/index.php?rest_route=\/wp\/v2\/posts\/34473","targetHints":{"allow":["GET"]}}],"collection":[{"href":"https:\/\/zonaroja.com.mx\/index.php?rest_route=\/wp\/v2\/posts"}],"about":[{"href":"https:\/\/zonaroja.com.mx\/index.php?rest_route=\/wp\/v2\/types\/post"}],"author":[{"embeddable":true,"href":"https:\/\/zonaroja.com.mx\/index.php?rest_route=\/wp\/v2\/users\/2"}],"replies":[{"embeddable":true,"href":"https:\/\/zonaroja.com.mx\/index.php?rest_route=%2Fwp%2Fv2%2Fcomments&post=34473"}],"version-history":[{"count":1,"href":"https:\/\/zonaroja.com.mx\/index.php?rest_route=\/wp\/v2\/posts\/34473\/revisions"}],"predecessor-version":[{"id":34474,"href":"https:\/\/zonaroja.com.mx\/index.php?rest_route=\/wp\/v2\/posts\/34473\/revisions\/34474"}],"wp:featuredmedia":[{"embeddable":true,"href":"https:\/\/zonaroja.com.mx\/index.php?rest_route=\/wp\/v2\/media\/33955"}],"wp:attachment":[{"href":"https:\/\/zonaroja.com.mx\/index.php?rest_route=%2Fwp%2Fv2%2Fmedia&parent=34473"}],"wp:term":[{"taxonomy":"category","embeddable":true,"href":"https:\/\/zonaroja.com.mx\/index.php?rest_route=%2Fwp%2Fv2%2Fcategories&post=34473"},{"taxonomy":"post_tag","embeddable":true,"href":"https:\/\/zonaroja.com.mx\/index.php?rest_route=%2Fwp%2Fv2%2Ftags&post=34473"}],"curies":[{"name":"wp","href":"https:\/\/api.w.org\/{rel}","templated":true}]}}