{"id":34485,"date":"2021-11-19T21:21:49","date_gmt":"2021-11-20T03:21:49","guid":{"rendered":"http:\/\/www.zonaroja.com.mx\/?p=34485"},"modified":"2021-11-19T21:21:53","modified_gmt":"2021-11-20T03:21:53","slug":"muere-mas-de-un-millon-de-personas-en-el-mundo-por-accidentes-viales","status":"publish","type":"post","link":"https:\/\/zonaroja.com.mx\/?p=34485","title":{"rendered":"Muere m\u00e1s de un mill\u00f3n de personas en el mundo por accidentes viales"},"content":{"rendered":"\n<p>Yuridiana Sosa\/Zona Roja.<\/p>\n\n\n\n<p>Oaxaca de Ju\u00e1rez, Oax., 19 de noviembre de 2021.- Representantes internacionales y colectivos locales en Oaxaca a favor de una movilidad segura, se han unido para abonar a una agenda de seguridad vial en M\u00e9xico, con el objetivo de reducir el alto \u00edndice de mortalidad y lesionados que dejan los accidentes viales.<\/p>\n\n\n\n<p>En el pa\u00eds, cada a\u00f1o fallecen 15 mil personas por siniestros de este tipo, se\u00f1al\u00f3 el vicepresidente de Asociaci\u00f3n Iberoamericana de V\u00edctimas Contra la Violencia Vial (Ficvi), Jorge Cant\u00fa, durante el Foro en el marco del D\u00eda Mundial de Conmemoraci\u00f3n en Memoria de las V\u00edctimas de Siniestros Viales que organiz\u00f3 la Secretar\u00eda de Movilidad (Semovi) del gobierno estatal.<\/p>\n\n\n\n<p>El representante de Ficvi en M\u00e9xico destac\u00f3 la importancia del trabajo conjunto entre las autoridades y la sociedad civil organizada, a la que le toca empujar el tema para encontrar una soluci\u00f3n efectiva a los problemas de movilidad. \u201cNo puede haber movilidad sostenible sin seguridad vial\u201d, destac\u00f3.<\/p>\n\n\n\n<figure class=\"wp-block-embed is-type-rich is-provider-twitter wp-block-embed-twitter\"><div class=\"wp-block-embed__wrapper\">\n<div class=\"twitter-tweet\"><blockquote class=\"twitter-tweet\" data-lang=\"es\"><p lang=\"es\" dir=\"ltr\"><a href=\"https:\/\/twitter.com\/hashtag\/ENVIVO?src=hash&amp;ref_src=twsrc%5Etfw\">#ENVIVO<\/a> <br>Santa Luc\u00eda del Camino, Oax., 19 de noviembre de 2021.- Foro en el marco del D\u00eda Mundial de Conmemoraci\u00f3n en Memoria de las V\u00edctimas de Siniestros Viales, que organiza la <a href=\"https:\/\/twitter.com\/SEMOVI_GobOax?ref_src=twsrc%5Etfw\">@SEMOVI_GobOax<\/a> del gobierno estatal.<br>Aqu\u00ed la transmisi\u00f3n: <a href=\"https:\/\/t.co\/LzYDv5o1Il\">https:\/\/t.co\/LzYDv5o1Il<\/a><\/p>&mdash; Zona Roja Oaxaca (@Zona_Roja_Oax) <a href=\"https:\/\/twitter.com\/Zona_Roja_Oax\/status\/1461754605260312580?ref_src=twsrc%5Etfw\">19 de noviembre de 2021<\/a><\/blockquote><\/div>\n<\/div><\/figure>\n\n\n\n<p>Por su parte, en presencia del titular de la Semovi, Arturo L\u00f3pez Sorroza, el doctor Miguel Malo, asesor internacional en Enfermedades Cr\u00f3nicas y Salud Mental, dirigi\u00f3 un mensaje a nombre de la Representaci\u00f3n de OPS\/OMS en M\u00e9xico, lament\u00f3 que a pesar de un plan mundial para la seguridad vial no se ha logrado reducir a las v\u00edctimas mortales y heridos graves.<\/p>\n\n\n\n<p>M\u00e1s de un mill\u00f3n de personas mueren cada a\u00f1o en el mundo por ese tipo de accidentes, mientras que m\u00e1s de 50 millones resultan traumatizados.<\/p>\n\n\n\n<p>Mientras que, en Am\u00e9rica Latina y M\u00e9xico, la mitad de las v\u00edctimas mortales por siniestros de tr\u00e1nsito son peatones, ciclistas y motociclistas.<\/p>\n\n\n\n<p>Estas alarmantes cifras representan que en la cultura vial se le ha dado mayor importancia a quienes transitan en veh\u00edculos, mientras que las muertes por accidentes se convierten en un grave problema de salud p\u00fablica.<\/p>\n\n\n\n<p>La representante del Colectivo Gaby Soto Bici Blanca, de Oaxaca, Esther Soto &#8211;hermana de la ciclista Gabriela Sota, v\u00edctima mortal de un accidente en diciembre de 2020&#8211; llam\u00f3 a la sociedad oaxaque\u00f1a a ser m\u00e1s participativa en la defensa de los derechos de los ciclistas y peatones para lograr una movilidad segura.<\/p>\n","protected":false},"excerpt":{"rendered":"<p>Yuridiana Sosa\/Zona Roja. Oaxaca de Ju\u00e1rez, Oax., 19 de noviembre de 2021.- Representantes internacionales y&hellip;<\/p>\n","protected":false},"author":2,"featured_media":34486,"comment_status":"closed","ping_status":"open","sticky":false,"template":"","format":"standard","meta":{"_lmt_disableupdate":"","_lmt_disable":"","_jetpack_memberships_contains_paid_content":false,"footnotes":""},"categories":[109,46],"tags":[2484],"class_list":["post-34485","post","type-post","status-publish","format-standard","has-post-thumbnail","hentry","category-minuto-a-minuto","category-zona-blanca","tag-secretaria-de-movilidad-semovi"],"jetpack_featured_media_url":"https:\/\/zonaroja.com.mx\/wp-content\/uploads\/2021\/11\/Foro-Movilidad-Semovi.jpg","jetpack_sharing_enabled":true,"_links":{"self":[{"href":"https:\/\/zonaroja.com.mx\/index.php?rest_route=\/wp\/v2\/posts\/34485","targetHints":{"allow":["GET"]}}],"collection":[{"href":"https:\/\/zonaroja.com.mx\/index.php?rest_route=\/wp\/v2\/posts"}],"about":[{"href":"https:\/\/zonaroja.com.mx\/index.php?rest_route=\/wp\/v2\/types\/post"}],"author":[{"embeddable":true,"href":"https:\/\/zonaroja.com.mx\/index.php?rest_route=\/wp\/v2\/users\/2"}],"replies":[{"embeddable":true,"href":"https:\/\/zonaroja.com.mx\/index.php?rest_route=%2Fwp%2Fv2%2Fcomments&post=34485"}],"version-history":[{"count":1,"href":"https:\/\/zonaroja.com.mx\/index.php?rest_route=\/wp\/v2\/posts\/34485\/revisions"}],"predecessor-version":[{"id":34487,"href":"https:\/\/zonaroja.com.mx\/index.php?rest_route=\/wp\/v2\/posts\/34485\/revisions\/34487"}],"wp:featuredmedia":[{"embeddable":true,"href":"https:\/\/zonaroja.com.mx\/index.php?rest_route=\/wp\/v2\/media\/34486"}],"wp:attachment":[{"href":"https:\/\/zonaroja.com.mx\/index.php?rest_route=%2Fwp%2Fv2%2Fmedia&parent=34485"}],"wp:term":[{"taxonomy":"category","embeddable":true,"href":"https:\/\/zonaroja.com.mx\/index.php?rest_route=%2Fwp%2Fv2%2Fcategories&post=34485"},{"taxonomy":"post_tag","embeddable":true,"href":"https:\/\/zonaroja.com.mx\/index.php?rest_route=%2Fwp%2Fv2%2Ftags&post=34485"}],"curies":[{"name":"wp","href":"https:\/\/api.w.org\/{rel}","templated":true}]}}