{"id":34490,"date":"2021-11-19T22:11:39","date_gmt":"2021-11-20T04:11:39","guid":{"rendered":"http:\/\/www.zonaroja.com.mx\/?p=34490"},"modified":"2021-11-19T22:11:43","modified_gmt":"2021-11-20T04:11:43","slug":"el-92-9-de-pacientes-con-covid-se-ha-recuperado-de-la-enfermedad","status":"publish","type":"post","link":"https:\/\/zonaroja.com.mx\/?p=34490","title":{"rendered":"El 92.9% de pacientes con Covid, se ha recuperado de la enfermedad"},"content":{"rendered":"\n<p>Redacci\u00f3n\/Zona Roja.<\/p>\n\n\n\n<p>Oaxaca de Ju\u00e1rez, Oax. 19 de noviembre de 2021.- A 20 meses de que se confirmara el primer caso por Covid-19 en el territorio oaxaque\u00f1o, los Servicios de Salud de Oaxaca (SSO) notificaron este 19 de noviembre un total de 76 mil 886 personas que se han recuperado de la enfermedad, es decir, el 92.9% de los pacientes positivos.<\/p>\n\n\n\n<p>El Informe T\u00e9cnico Diario refiere que hasta este d\u00eda hay 231 casos activos de personas con signos y s\u00edntomas asociados al virus SARS-CoV-2, distribuidos en 66 municipios, adem\u00e1s suman 82 mil 682 los casos confirmados, 87 m\u00e1s que ayer, as\u00ed como siete nuevas defunciones, para un global de 5 mil 565 muertes a causa de la patolog\u00eda viral.<\/p>\n\n\n\n<p>Respecto a los municipios con personas positivas al virus en la \u00faltima actualizaci\u00f3n, San Juan Bautista Tuxtepec se encuentra a la cabeza con el mayor n\u00famero de contagios, al contabilizar 31, seguido de Oaxaca de Ju\u00e1rez con 11, Santa Cruz Xoxocotl\u00e1n con seis y Salina Cruz con cuatro, el resto tres, dos y un confirmado; para un total de 30 ayuntamientos con notificaciones en las \u00faltimas 24 horas.<\/p>\n\n\n\n<p>La Jurisdicci\u00f3n Sanitaria de Valles Centrales tiene un acumulado de 50 mil 222 casos, de esta cifra, 131 est\u00e1n activos, adem\u00e1s es el primer lugar en cuanto a incidencia de mortalidad con dos mil 466 fallecimientos; seguido del Istmo con un universo de 11 mil 761 pacientes, 37 activos y mil 195 decesos; mientras que Tuxtepec report\u00f3 cinco mil 555 confirmados, 11 activos y 555 muertes.<\/p>\n\n\n\n<figure class=\"wp-block-embed is-type-rich is-provider-twitter wp-block-embed-twitter\"><div class=\"wp-block-embed__wrapper\">\n<div class=\"twitter-tweet\"><blockquote class=\"twitter-tweet\" data-lang=\"es\"><p lang=\"es\" dir=\"ltr\"><a href=\"https:\/\/twitter.com\/hashtag\/%C3%9AltimoMinuto?src=hash&amp;ref_src=twsrc%5Etfw\">#\u00daltimoMinuto<\/a><br>Los Servicios de Salud de <a href=\"https:\/\/twitter.com\/hashtag\/Oaxaca?src=hash&amp;ref_src=twsrc%5Etfw\">#Oaxaca<\/a> reportan este viernes 87 casos positivos a Covid-19 y 7 defunciones.<br>En total, son 82 mil 686 casos confirmados y 5 mil 565 decesos.<br>Hay 4 nosocomios llenos; ocupaci\u00f3n hospitalaria promedio de 22.6%. <a href=\"https:\/\/t.co\/2QWlyK223m\">pic.twitter.com\/2QWlyK223m<\/a><\/p>&mdash; Zona Roja Oaxaca (@Zona_Roja_Oax) <a href=\"https:\/\/twitter.com\/Zona_Roja_Oax\/status\/1461883473128423432?ref_src=twsrc%5Etfw\">20 de noviembre de 2021<\/a><\/blockquote><\/div>\n<\/div><\/figure>\n\n\n\n<p>La Jurisdicci\u00f3n de la Costa reporta cinco mil 818, 22 activos y 468 fallecimientos; Mixteca con seis mil 404, 14 activos y 570 fallecimientos; Sierra con dos mil 922 contagios, de estos 16 son activos y 311 personas han perdido la vida.<\/p>\n\n\n\n<p>Sobre la situaci\u00f3n actual de la red m\u00e9dica, este viernes los SSO cuantificaron 22.6% en ocupaci\u00f3n de camas -tras contabilizarse un nuevo ingreso- para un total de 98 personas hospitalizadas a causa de la enfermedad.<\/p>\n\n\n\n<p>Hay cuatro nosocomios que se encuentra al 100% de saturaci\u00f3n m\u00e9dica. Por Jurisdicci\u00f3n Sanitaria: Valles Centrales registra 22.3%, Istmo 21.4%, Tuxtepec 35.3%, Costa 14.5%, Mixteca 35.1% y la Sierra no presenta pacientes hospitalizados.<\/p>\n\n\n\n<p>Esta dependencia reitera el llamado a respetar la sana distancia, el uso del cubrebocas, as\u00ed como el lavado de manos con agua y jab\u00f3n de manera frecuente, para mitigar la propagaci\u00f3n del SARS-CoV-2 en la entidad, y ante cualquier emergencia llamar al 911.<\/p>\n\n\n\n<p>(Comunicado de prensa)<\/p>\n","protected":false},"excerpt":{"rendered":"<p>Redacci\u00f3n\/Zona Roja. Oaxaca de Ju\u00e1rez, Oax. 19 de noviembre de 2021.- A 20 meses de&hellip;<\/p>\n","protected":false},"author":2,"featured_media":34491,"comment_status":"closed","ping_status":"open","sticky":false,"template":"","format":"standard","meta":{"_lmt_disableupdate":"","_lmt_disable":"","_jetpack_memberships_contains_paid_content":false,"footnotes":""},"categories":[1],"tags":[],"class_list":["post-34490","post","type-post","status-publish","format-standard","has-post-thumbnail","hentry","category-sin-categoria"],"jetpack_featured_media_url":"https:\/\/zonaroja.com.mx\/wp-content\/uploads\/2021\/11\/SSO-1-2-1.jpg","jetpack_sharing_enabled":true,"_links":{"self":[{"href":"https:\/\/zonaroja.com.mx\/index.php?rest_route=\/wp\/v2\/posts\/34490","targetHints":{"allow":["GET"]}}],"collection":[{"href":"https:\/\/zonaroja.com.mx\/index.php?rest_route=\/wp\/v2\/posts"}],"about":[{"href":"https:\/\/zonaroja.com.mx\/index.php?rest_route=\/wp\/v2\/types\/post"}],"author":[{"embeddable":true,"href":"https:\/\/zonaroja.com.mx\/index.php?rest_route=\/wp\/v2\/users\/2"}],"replies":[{"embeddable":true,"href":"https:\/\/zonaroja.com.mx\/index.php?rest_route=%2Fwp%2Fv2%2Fcomments&post=34490"}],"version-history":[{"count":1,"href":"https:\/\/zonaroja.com.mx\/index.php?rest_route=\/wp\/v2\/posts\/34490\/revisions"}],"predecessor-version":[{"id":34492,"href":"https:\/\/zonaroja.com.mx\/index.php?rest_route=\/wp\/v2\/posts\/34490\/revisions\/34492"}],"wp:featuredmedia":[{"embeddable":true,"href":"https:\/\/zonaroja.com.mx\/index.php?rest_route=\/wp\/v2\/media\/34491"}],"wp:attachment":[{"href":"https:\/\/zonaroja.com.mx\/index.php?rest_route=%2Fwp%2Fv2%2Fmedia&parent=34490"}],"wp:term":[{"taxonomy":"category","embeddable":true,"href":"https:\/\/zonaroja.com.mx\/index.php?rest_route=%2Fwp%2Fv2%2Fcategories&post=34490"},{"taxonomy":"post_tag","embeddable":true,"href":"https:\/\/zonaroja.com.mx\/index.php?rest_route=%2Fwp%2Fv2%2Ftags&post=34490"}],"curies":[{"name":"wp","href":"https:\/\/api.w.org\/{rel}","templated":true}]}}