{"id":34493,"date":"2021-11-20T07:38:49","date_gmt":"2021-11-20T13:38:49","guid":{"rendered":"http:\/\/www.zonaroja.com.mx\/?p=34493"},"modified":"2021-11-20T07:38:53","modified_gmt":"2021-11-20T13:38:53","slug":"capacitan-a-policias-municipales-de-la-region-mixteca","status":"publish","type":"post","link":"https:\/\/zonaroja.com.mx\/?p=34493","title":{"rendered":"Capacitan a polic\u00edas municipales de la regi\u00f3n Mixteca"},"content":{"rendered":"\n<p>Redacci\u00f3n\/Zona Roja.<\/p>\n\n\n\n<p>Oaxaca de Ju\u00e1rez, Oax., 20 de noviembre de 2021.- El titular de la Secretar\u00eda de Seguridad P\u00fablica de Oaxaca (SSPO), Heliodoro D\u00edaz Esc\u00e1rraga, entreg\u00f3 certificados de capacitaci\u00f3n a polic\u00edas municipales de la regi\u00f3n Mixteca de Oaxaca.<\/p>\n\n\n\n<p>La distinci\u00f3n la ecibieron polic\u00edas municipales de 18 agencias de San Juan \u00d1um\u00ed, que se rigen bajo el sistema normativo ind\u00edgena.<\/p>\n\n\n\n<p>Durante una gira de trabajo por la Mixteca, el titular de la SSPO enfatiz\u00f3 que parte de las acciones de la dependencia es implementar pol\u00edticas p\u00fablicas encaminadas a capacitar y profesionalizar a los elementos policiales.<\/p>\n\n\n\n<p>Indic\u00f3 que la formaci\u00f3n policial es indispensable para la actuaci\u00f3n de las fuerzas de seguridad en beneficio de la sociedad.<\/p>\n\n\n\n<p>Las agencias que participaron en esta capacitaci\u00f3n fueron: Guadalupe Mirasol, San Isidro Yoso\u00f1ama, San Antonio Nduaxico, San Pedro Yoso\u00f1ama, Rio Centro, Sabinillo, Pe\u00f1a Colorada, Agencia Rio, Uni\u00f3n Hidalgo, San Pedro \u00d1umi, Santo Domingo Yoso\u00f1ama, Pueblo Nuevo, La Paz, Santa Rosa, Buena Vista, San Jos\u00e9 \u00d1um\u00ed, Sabinillo y Montenegro.<\/p>\n\n\n\n<p>En el acto protocolario, D\u00edaz Esc\u00e1rraga refrend\u00f3 el compromiso del gobernador, Alejandro Murat Hinojosa de continuar trabajando en la profesionalizaci\u00f3n de todas las instituciones que realizan acciones de seguridad en el estado.<\/p>\n","protected":false},"excerpt":{"rendered":"<p>Redacci\u00f3n\/Zona Roja. Oaxaca de Ju\u00e1rez, Oax., 20 de noviembre de 2021.- El titular de la&hellip;<\/p>\n","protected":false},"author":2,"featured_media":34494,"comment_status":"closed","ping_status":"open","sticky":false,"template":"","format":"standard","meta":{"_lmt_disableupdate":"","_lmt_disable":"","_jetpack_memberships_contains_paid_content":false,"footnotes":""},"categories":[109,47],"tags":[1421],"class_list":["post-34493","post","type-post","status-publish","format-standard","has-post-thumbnail","hentry","category-minuto-a-minuto","category-zona-gris","tag-secretaria-de-seguridad-publica-de-oaxaca-sspo"],"jetpack_featured_media_url":"https:\/\/zonaroja.com.mx\/wp-content\/uploads\/2021\/11\/Capacitacion-policias-Oaxaca.jpg","jetpack_sharing_enabled":true,"_links":{"self":[{"href":"https:\/\/zonaroja.com.mx\/index.php?rest_route=\/wp\/v2\/posts\/34493","targetHints":{"allow":["GET"]}}],"collection":[{"href":"https:\/\/zonaroja.com.mx\/index.php?rest_route=\/wp\/v2\/posts"}],"about":[{"href":"https:\/\/zonaroja.com.mx\/index.php?rest_route=\/wp\/v2\/types\/post"}],"author":[{"embeddable":true,"href":"https:\/\/zonaroja.com.mx\/index.php?rest_route=\/wp\/v2\/users\/2"}],"replies":[{"embeddable":true,"href":"https:\/\/zonaroja.com.mx\/index.php?rest_route=%2Fwp%2Fv2%2Fcomments&post=34493"}],"version-history":[{"count":1,"href":"https:\/\/zonaroja.com.mx\/index.php?rest_route=\/wp\/v2\/posts\/34493\/revisions"}],"predecessor-version":[{"id":34495,"href":"https:\/\/zonaroja.com.mx\/index.php?rest_route=\/wp\/v2\/posts\/34493\/revisions\/34495"}],"wp:featuredmedia":[{"embeddable":true,"href":"https:\/\/zonaroja.com.mx\/index.php?rest_route=\/wp\/v2\/media\/34494"}],"wp:attachment":[{"href":"https:\/\/zonaroja.com.mx\/index.php?rest_route=%2Fwp%2Fv2%2Fmedia&parent=34493"}],"wp:term":[{"taxonomy":"category","embeddable":true,"href":"https:\/\/zonaroja.com.mx\/index.php?rest_route=%2Fwp%2Fv2%2Fcategories&post=34493"},{"taxonomy":"post_tag","embeddable":true,"href":"https:\/\/zonaroja.com.mx\/index.php?rest_route=%2Fwp%2Fv2%2Ftags&post=34493"}],"curies":[{"name":"wp","href":"https:\/\/api.w.org\/{rel}","templated":true}]}}