{"id":3450,"date":"2019-08-27T21:37:13","date_gmt":"2019-08-28T02:37:13","guid":{"rendered":"http:\/\/www.zonaroja.com.mx\/?p=3450"},"modified":"2019-08-27T21:38:14","modified_gmt":"2019-08-28T02:38:14","slug":"pobladores-denuncian-desinteres-y-negligencia-en-los-sso","status":"publish","type":"post","link":"https:\/\/zonaroja.com.mx\/?p=3450","title":{"rendered":"Pobladores denuncian desinter\u00e9s y negligencia en los SSO"},"content":{"rendered":"\n<p>Redacci\u00f3n\/Zona\nRoja.<\/p>\n\n\n\n<p>Oaxaca de\nJu\u00e1rez, Oax., 27 de agosto de 2019.- \u202aIntegrantes del Cabildo de la Villa de\nSan Antonino Castillo Velasco, municipio del distrito de Ocotl\u00e1n, denunciaron\nnegligencia m\u00e9dica al interior de los Servicios de Salud de Oaxaca (SSO), ya\nque el encargado del centro de salud de la zona se niega a dar atenci\u00f3n\nargumentando que se \u00fanicamente lo hace en horario de oficina.<\/p>\n\n\n\n<p>As\u00ed lo inform\u00f3 el presidente municipal, Esteban Abel S\u00e1nchez Campos, quien explic\u00f3 que la noche de este lunes se registr\u00f3 un accidente en una de las principales avenidas de la localidad, resultando herido un mototaxista, al que trasladaron a la cl\u00ednica perteneciente a los SSO; sin embargo, el m\u00e9dico a cargo se neg\u00f3 a dar atenci\u00f3n, argumentando que su turno hacia mucho que hab\u00eda finalizado.<\/p>\n\n\n\n<figure class=\"wp-block-embed-twitter wp-block-embed is-type-rich is-provider-twitter\"><div class=\"wp-block-embed__wrapper\">\n<div class=\"twitter-tweet\"><blockquote class=\"twitter-tweet\" data-lang=\"es\"><p lang=\"es\" dir=\"ltr\"><a href=\"https:\/\/twitter.com\/hashtag\/OaxacaRojo?src=hash&amp;ref_src=twsrc%5Etfw\">#OaxacaRojo<\/a><br>Integrantes del Cabildo de San Antonino Castillo Velasco, municipio del distrito de Ocotl\u00e1n, denuncian negligencia en <a href=\"https:\/\/twitter.com\/SSO_GobOax?ref_src=twsrc%5Etfw\">@SSO_GobOax<\/a>, por cl\u00ednica cerrada y ausencia de personal, a fin de atender a un accidentado; difundir\u00e1n el caso a nivel nacional para ser escuchados. <a href=\"https:\/\/t.co\/UEiKYQckCb\">pic.twitter.com\/UEiKYQckCb<\/a><\/p>&mdash; Zona Roja Oaxaca (@MexRoja) <a href=\"https:\/\/twitter.com\/MexRoja\/status\/1166185875748872193?ref_src=twsrc%5Etfw\">27 de agosto de 2019<\/a><\/blockquote><\/div>\n<\/div><\/figure>\n\n\n\n<p>\u201cA m\u00ed me\nparece que es negligencia del doctor para salvar una vida, donde est\u00e1 su\njuramento hipocr\u00e1tico, vemos que el centro de salud est\u00e1 cerrado con candado,\nno hay personal y mucho menos atenci\u00f3n a la ciudadan\u00eda\u201d, dijo S\u00e1nchez Campos en\nvideo que difundieron a trav\u00e9s de las redes sociales.<\/p>\n\n\n\n<p>El edil\ncuestion\u00f3 el quehacer de la Secretar\u00eda de Salud y de su titular Donato Casas\nEscamilla para mantener a los centros de salud y cl\u00ednicas rurales con atenci\u00f3n\nm\u00e9dica, ya que desafortunadamente la atenci\u00f3n no puede estar a expensas de un\nhorario y en teor\u00eda deber\u00eda estar alguien de guardia en el lugar.<\/p>\n\n\n\n<p>Finalmente\ndetall\u00f3 que no es justo para quienes habitan en la localidad contar con un\ncentro de salud en el que no se d\u00e9 la atenci\u00f3n oportunidad y se tenga que\nrecurrir a los traslados a las poblaciones cercana, como lo es San Pablo\nHuixtepec, por lo que advirtieron que llevaran su denuncia a la Ciudad de\nM\u00e9xico en su pr\u00f3xima visita a la capital del pa\u00eds.<\/p>\n","protected":false},"excerpt":{"rendered":"<p>Redacci\u00f3n\/Zona Roja. Oaxaca de Ju\u00e1rez, Oax., 27 de agosto de 2019.- \u202aIntegrantes del Cabildo de&hellip;<\/p>\n","protected":false},"author":2,"featured_media":3451,"comment_status":"closed","ping_status":"open","sticky":false,"template":"","format":"standard","meta":{"_lmt_disableupdate":"","_lmt_disable":"","_jetpack_memberships_contains_paid_content":false,"footnotes":""},"categories":[109,47],"tags":[200,238],"class_list":["post-3450","post","type-post","status-publish","format-standard","has-post-thumbnail","hentry","category-minuto-a-minuto","category-zona-gris","tag-san-antonino-castillo-velasco","tag-servicios-de-salud-de-oaxaca"],"jetpack_featured_media_url":"https:\/\/zonaroja.com.mx\/wp-content\/uploads\/2019\/08\/IMG_2196.jpg","jetpack_sharing_enabled":true,"_links":{"self":[{"href":"https:\/\/zonaroja.com.mx\/index.php?rest_route=\/wp\/v2\/posts\/3450","targetHints":{"allow":["GET"]}}],"collection":[{"href":"https:\/\/zonaroja.com.mx\/index.php?rest_route=\/wp\/v2\/posts"}],"about":[{"href":"https:\/\/zonaroja.com.mx\/index.php?rest_route=\/wp\/v2\/types\/post"}],"author":[{"embeddable":true,"href":"https:\/\/zonaroja.com.mx\/index.php?rest_route=\/wp\/v2\/users\/2"}],"replies":[{"embeddable":true,"href":"https:\/\/zonaroja.com.mx\/index.php?rest_route=%2Fwp%2Fv2%2Fcomments&post=3450"}],"version-history":[{"count":2,"href":"https:\/\/zonaroja.com.mx\/index.php?rest_route=\/wp\/v2\/posts\/3450\/revisions"}],"predecessor-version":[{"id":3453,"href":"https:\/\/zonaroja.com.mx\/index.php?rest_route=\/wp\/v2\/posts\/3450\/revisions\/3453"}],"wp:featuredmedia":[{"embeddable":true,"href":"https:\/\/zonaroja.com.mx\/index.php?rest_route=\/wp\/v2\/media\/3451"}],"wp:attachment":[{"href":"https:\/\/zonaroja.com.mx\/index.php?rest_route=%2Fwp%2Fv2%2Fmedia&parent=3450"}],"wp:term":[{"taxonomy":"category","embeddable":true,"href":"https:\/\/zonaroja.com.mx\/index.php?rest_route=%2Fwp%2Fv2%2Fcategories&post=3450"},{"taxonomy":"post_tag","embeddable":true,"href":"https:\/\/zonaroja.com.mx\/index.php?rest_route=%2Fwp%2Fv2%2Ftags&post=3450"}],"curies":[{"name":"wp","href":"https:\/\/api.w.org\/{rel}","templated":true}]}}