{"id":34501,"date":"2021-11-20T08:16:18","date_gmt":"2021-11-20T14:16:18","guid":{"rendered":"http:\/\/www.zonaroja.com.mx\/?p=34501"},"modified":"2021-11-20T08:16:22","modified_gmt":"2021-11-20T14:16:22","slug":"anuncian-seminario-internacional-sobre-sistemas-normativos-indigenas-y-pluralismo-juridico","status":"publish","type":"post","link":"https:\/\/zonaroja.com.mx\/?p=34501","title":{"rendered":"Anuncian Seminario Internacional sobre Sistemas Normativos Ind\u00edgenas y Pluralismo Jur\u00eddico"},"content":{"rendered":"\n<p>Redacci\u00f3n\/Zona Roja.<\/p>\n\n\n\n<p>Oaxaca de Ju\u00e1rez, Oax., 20 de noviembre de 2021.- Del 22 al 25 de noviembre pr\u00f3ximo, se realizar\u00e1 en la ciudad de Oaxaca el Seminario Internacional sobre Sistemas Normativos Ind\u00edgenas y Pluralismo Jur\u00eddico, encuentro organizado por el Poder Judicial del Estado en conjunto con el Instituto Nacional de los Pueblos Ind\u00edgenas (INPI) y el Programa Pluralismo Jur\u00eddico &amp; Eficacia de Derechos del Centro de Investigaciones y Estudios Superiores en Antropolog\u00eda Social (Plural-CIESAS).<\/p>\n\n\n\n<p>Especialistas e investigadores de pa\u00edses como Guatemala, Ecuador, Colombia, Chile, Per\u00fa y Francia, participar\u00e1n en las conferencias magistrales y paneles de discusi\u00f3n con los temas: la construcci\u00f3n de un estado pluricultural; la libre determinaci\u00f3n, justicia y gobierno ind\u00edgena; pluralismo y justicia, la perspectiva de g\u00e9nero desde y en la justicia ind\u00edgena, experiencias comunitarias y retos de la jurisdicci\u00f3n, que se desarrollar\u00e1n en las modalidades presencial y a distancia.<\/p>\n\n\n\n<p>El lunes 22 de noviembre, luego del acto inaugural programado a las 09:00 horas, las actividades iniciar\u00e1n con la ponencia a cargo del relator especial de la Naciones Unidas sobre los Derechos de los Pueblos Ind\u00edgenas, Francisco Cali Tzay. abogado y diplom\u00e1tico guatemalteco.<\/p>\n\n\n\n<p>Adem\u00e1s de ser miembro de la Comisi\u00f3n Presidencial contra el Racismo y la Discriminaci\u00f3n Racial contra los Pueblos Ind\u00edgenas, Presidente del Programa Nacional de Reparaci\u00f3n a las V\u00edctimas del Conflicto Interno en Guatemala, fue fundador y coordinador del Programa de Derechos Ind\u00edgenas del Centro de Acci\u00f3n Legal en Derechos Humanos (CALDH) y trabaj\u00f3 adem\u00e1s en la sede de derechos humanos del Ministerio de Relaciones Exteriores de Guatemala.<\/p>\n\n\n\n<p>La agenda completa de las actividades se puede consultar en las redes sociales del Poder Judicial, en Facebook: Tribunal Superior de Justicia de Oaxaca y en Twitter @tsjoaxaca; as\u00ed como de la Direcci\u00f3n de Derechos Humanos en Facebook: DerechosHumanosPJEO y en Twitter: @DerechosDh, a trav\u00e9s de las cuales se transmitir\u00e1n las conferencias y paneles.<\/p>\n","protected":false},"excerpt":{"rendered":"<p>Redacci\u00f3n\/Zona Roja. Oaxaca de Ju\u00e1rez, Oax., 20 de noviembre de 2021.- Del 22 al 25&hellip;<\/p>\n","protected":false},"author":2,"featured_media":14549,"comment_status":"closed","ping_status":"open","sticky":false,"template":"","format":"standard","meta":{"_lmt_disableupdate":"","_lmt_disable":"","_jetpack_memberships_contains_paid_content":false,"footnotes":""},"categories":[109,46],"tags":[223],"class_list":["post-34501","post","type-post","status-publish","format-standard","has-post-thumbnail","hentry","category-minuto-a-minuto","category-zona-blanca","tag-poder-judicial-de-oaxaca"],"jetpack_featured_media_url":"https:\/\/zonaroja.com.mx\/wp-content\/uploads\/2020\/07\/01-TRIBUNAL.jpg","jetpack_sharing_enabled":true,"_links":{"self":[{"href":"https:\/\/zonaroja.com.mx\/index.php?rest_route=\/wp\/v2\/posts\/34501","targetHints":{"allow":["GET"]}}],"collection":[{"href":"https:\/\/zonaroja.com.mx\/index.php?rest_route=\/wp\/v2\/posts"}],"about":[{"href":"https:\/\/zonaroja.com.mx\/index.php?rest_route=\/wp\/v2\/types\/post"}],"author":[{"embeddable":true,"href":"https:\/\/zonaroja.com.mx\/index.php?rest_route=\/wp\/v2\/users\/2"}],"replies":[{"embeddable":true,"href":"https:\/\/zonaroja.com.mx\/index.php?rest_route=%2Fwp%2Fv2%2Fcomments&post=34501"}],"version-history":[{"count":1,"href":"https:\/\/zonaroja.com.mx\/index.php?rest_route=\/wp\/v2\/posts\/34501\/revisions"}],"predecessor-version":[{"id":34502,"href":"https:\/\/zonaroja.com.mx\/index.php?rest_route=\/wp\/v2\/posts\/34501\/revisions\/34502"}],"wp:featuredmedia":[{"embeddable":true,"href":"https:\/\/zonaroja.com.mx\/index.php?rest_route=\/wp\/v2\/media\/14549"}],"wp:attachment":[{"href":"https:\/\/zonaroja.com.mx\/index.php?rest_route=%2Fwp%2Fv2%2Fmedia&parent=34501"}],"wp:term":[{"taxonomy":"category","embeddable":true,"href":"https:\/\/zonaroja.com.mx\/index.php?rest_route=%2Fwp%2Fv2%2Fcategories&post=34501"},{"taxonomy":"post_tag","embeddable":true,"href":"https:\/\/zonaroja.com.mx\/index.php?rest_route=%2Fwp%2Fv2%2Ftags&post=34501"}],"curies":[{"name":"wp","href":"https:\/\/api.w.org\/{rel}","templated":true}]}}