{"id":34507,"date":"2021-11-20T13:13:25","date_gmt":"2021-11-20T19:13:25","guid":{"rendered":"https:\/\/www.zonaroja.com.mx\/?p=34507"},"modified":"2021-11-20T13:13:40","modified_gmt":"2021-11-20T19:13:40","slug":"familiares-de-victimas-en-eloxochitlan-retoman-caravana-por-la-libertad-y-justicia","status":"publish","type":"post","link":"https:\/\/zonaroja.com.mx\/?p=34507","title":{"rendered":"Familiares de v\u00edctimas en Eloxochitl\u00e1n, retoman caravana por la libertad y justicia"},"content":{"rendered":"\n<p>Yuridiana Sosa\/ Zona Roja.<\/p>\n\n\n\n<p>&nbsp;Oaxaca de Ju\u00e1rez, Oax., 20 de noviembre de 2021.- A nueve a\u00f1os de los primeros hechos violentos en su contra y a siete a\u00f1os de emprender su lucha jur\u00eddica, familiares de presos pol\u00edticos y desplazados del municipio de Eloxochitl\u00e1n de Flores Mag\u00f3n realizan una &nbsp;caravana por la libertad y justicia.&nbsp;<\/p>\n\n\n\n<p>En el marco del 99 aniversario luctuoso de Ricardo Flores Mag\u00f3n, las v\u00edctimas retomaron su movimiento comunitario, luego que en 2012, cuando se dirig\u00edan a la ciudad de M\u00e9xico para la conmemoraci\u00f3n del h\u00e9roe nacional, fueron embestidos en un ataque armado por parte del presidente municipal Manuel Zepeda Cortez, tras un l\u00edo electoral.<\/p>\n\n\n\n<p>Este a\u00f1o, las familias realizar\u00e1n distintas actividades para seguir denunciando la omisi\u00f3n de las autoridades judiciales estatales y nacionales y la obstaculizaci\u00f3n en los proceso por parte de la ex diputada oaxaque\u00f1a, Elisa Zepeda Lagunas para la liberaci\u00f3n de sus compa\u00f1eros, esposos, hijos, hermanos y padres, a quienes se les ha comprobado su inocencia.<\/p>\n\n\n\n<p>Desde el a\u00f1o 2014, m\u00e1s de 40 familias mazateca de ese municipio de la regi\u00f3n Ca\u00f1ada han sido objeto de encarcelamientos injustos y desplazamiento forzado a partir de delitos fabricados, denunciaron familiares en conferencia de prensa.<\/p>\n\n\n\n<p>A la fecha, siete personas contin\u00faan presas &nbsp;(Herminio Monfil Avenda\u00f1o, Jaime Betanzos Fuentes, Fernando Gavito Mart\u00ednez, Alfredo Bola\u00f1os Pacheco, Isa\u00edas Gallardo \u00c1lvarez, Omar Hugo Morales \u00c1lvarez y Francisco Dur\u00e1n Ortiz) y m\u00e1s de 13 perseguidas, de quienes exigen su inmediata libertad y cese a la persecuci\u00f3n.<\/p>\n\n\n\n<p>En conferencia de prensa en la ciudad de Oaxaca, aseveraron que estos casos son un reflejo m\u00e1s de la t\u00edpica justicia mexicana, en la que el influyentismo e intereses pol\u00edticos est\u00e1 por encima de los derechos humanos y de las comunidades.<\/p>\n\n\n\n<p>Como parte de sus actividades, este fin de semana realizar\u00e1n visitas a sus presos detenidos en los penales de Tanivet, en Tlacolula de Matamoros y en San Juan Bautista Cuicatl\u00e1n; adem\u00e1s de homenajes p\u00fablicos a Ricardo Flores Mag\u00f3n.<\/p>\n","protected":false},"excerpt":{"rendered":"<p>Yuridiana Sosa\/ Zona Roja. &nbsp;Oaxaca de Ju\u00e1rez, Oax., 20 de noviembre de 2021.- A nueve&hellip;<\/p>\n","protected":false},"author":2,"featured_media":34506,"comment_status":"closed","ping_status":"open","sticky":false,"template":"","format":"standard","meta":{"_lmt_disableupdate":"","_lmt_disable":"","_jetpack_memberships_contains_paid_content":false,"footnotes":""},"categories":[109,47],"tags":[719],"class_list":["post-34507","post","type-post","status-publish","format-standard","has-post-thumbnail","hentry","category-minuto-a-minuto","category-zona-gris","tag-eloxochitlan-de-flores-magon"],"jetpack_featured_media_url":"https:\/\/zonaroja.com.mx\/wp-content\/uploads\/2021\/11\/d23d64b3-7e0c-452f-8035-0c915920c59f.jpg","jetpack_sharing_enabled":true,"_links":{"self":[{"href":"https:\/\/zonaroja.com.mx\/index.php?rest_route=\/wp\/v2\/posts\/34507","targetHints":{"allow":["GET"]}}],"collection":[{"href":"https:\/\/zonaroja.com.mx\/index.php?rest_route=\/wp\/v2\/posts"}],"about":[{"href":"https:\/\/zonaroja.com.mx\/index.php?rest_route=\/wp\/v2\/types\/post"}],"author":[{"embeddable":true,"href":"https:\/\/zonaroja.com.mx\/index.php?rest_route=\/wp\/v2\/users\/2"}],"replies":[{"embeddable":true,"href":"https:\/\/zonaroja.com.mx\/index.php?rest_route=%2Fwp%2Fv2%2Fcomments&post=34507"}],"version-history":[{"count":1,"href":"https:\/\/zonaroja.com.mx\/index.php?rest_route=\/wp\/v2\/posts\/34507\/revisions"}],"predecessor-version":[{"id":34508,"href":"https:\/\/zonaroja.com.mx\/index.php?rest_route=\/wp\/v2\/posts\/34507\/revisions\/34508"}],"wp:featuredmedia":[{"embeddable":true,"href":"https:\/\/zonaroja.com.mx\/index.php?rest_route=\/wp\/v2\/media\/34506"}],"wp:attachment":[{"href":"https:\/\/zonaroja.com.mx\/index.php?rest_route=%2Fwp%2Fv2%2Fmedia&parent=34507"}],"wp:term":[{"taxonomy":"category","embeddable":true,"href":"https:\/\/zonaroja.com.mx\/index.php?rest_route=%2Fwp%2Fv2%2Fcategories&post=34507"},{"taxonomy":"post_tag","embeddable":true,"href":"https:\/\/zonaroja.com.mx\/index.php?rest_route=%2Fwp%2Fv2%2Ftags&post=34507"}],"curies":[{"name":"wp","href":"https:\/\/api.w.org\/{rel}","templated":true}]}}