{"id":34516,"date":"2021-11-20T20:46:49","date_gmt":"2021-11-21T02:46:49","guid":{"rendered":"https:\/\/www.zonaroja.com.mx\/?p=34516"},"modified":"2021-11-20T20:46:53","modified_gmt":"2021-11-21T02:46:53","slug":"protestan-en-la-cuenca-contra-presunto-plagio-de-levis","status":"publish","type":"post","link":"https:\/\/zonaroja.com.mx\/?p=34516","title":{"rendered":"Protestan en la Cuenca contra presunto plagio de Levi\u2019s"},"content":{"rendered":"\n<p>Yuridiana Sosa\/Redacci\u00f3n\/Zona Roja.<\/p>\n\n\n\n<p>Oaxaca de Ju\u00e1rez, Oax., 20 de noviembre de 2021.- Integrantes del Colectivo Texturas Oaxaca y la presidenta municipal electa de San Felipe Jalapa de D\u00edaz, Fernanda Barbosa Sosa, protestaron este s\u00e1bado ante los presuntos plagios de la marca Levi\u2019s en dise\u00f1os artesanales de la regi\u00f3n Cuenca.<\/p>\n\n\n\n<p>Exigieron a dicha compa\u00f1\u00eda retirar las prendas, principalmente chamarras y pantalones de mezclilla, donde utilizaron dise\u00f1os de la regi\u00f3n, sin consentimiento de los ind\u00edgenas.<\/p>\n\n\n\n<p>Demandaron que las empresas busquen a las artesanas que habitan en ese municipio, que visiten la comunidad y paguen lo justo, sin intermediarios.<\/p>\n\n\n\n<p>Y es que recientemente fue abierta una tienda en el portal de Claver\u00edas, frente al z\u00f3calo de la capital oaxaque\u00f1a, donde comenzaron a comercializar dichas prendas.<\/p>\n\n\n\n<p>La pol\u00e9mica se desat\u00f3 cuando \u00abDraco Tradici\u00f3n Textil\u00bb, \u00abSarai Silva Arte\u00bb y \u00abR\u00f3tulos Bautista\u00bb fueron promocionados por la marca como parte de la colecci\u00f3n \u201cLevi&#8217;s por Manos Oaxaque\u00f1as\u00bb con bordados de p\u00e1jaros y flores, de Jalapa de D\u00edaz principalmente.<\/p>\n\n\n\n<p>Situaci\u00f3n que fue desconocida por personas de la regi\u00f3n, \u00abRechazo categ\u00f3ricamente la acci\u00f3n emprendida por la marca #levis al adjudicarse de forma arbitraria la identidad, historia e indumentaria caracter\u00edstica de los mazatecos de Jalapa de D\u00edaz para comercializar sus prendas en combinaci\u00f3n con los dise\u00f1os de nuestros bordados\u00bb comparti\u00f3 la presidenta electa Fernanda Barbosa Sosa.<\/p>\n\n\n\n<p>Por ello convoc\u00f3 esta tarde a una movilizaci\u00f3n masiva en el monumento a la mujer mazateca de este municipio, con el fin de dar a conocer un pronunciamiento y demandar a Levi&#8217;s \u00abla desconsideraci\u00f3n, violaci\u00f3n y apropiaci\u00f3n de los derechos de patrimonio cultural de las mujeres ind\u00edgenas mazatecas\u00bb.<\/p>\n\n\n\n<p>Los ind\u00edgenas mazatecos recordaron que los bordados mazatecos han sido usados por empresas internacionales como Disney, la cual los utiliz\u00f3 para la pel\u00edcula \u201cCoco\u201d, por lo que la comunidad hizo un llamado para proteger y preservar la indumentaria mexicana.<\/p>\n\n\n\n<p>(Con informaci\u00f3n del sitio Informativo 570)<\/p>\n","protected":false},"excerpt":{"rendered":"<p>Yuridiana Sosa\/Redacci\u00f3n\/Zona Roja. Oaxaca de Ju\u00e1rez, Oax., 20 de noviembre de 2021.- Integrantes del Colectivo&hellip;<\/p>\n","protected":false},"author":2,"featured_media":34515,"comment_status":"closed","ping_status":"open","sticky":false,"template":"","format":"standard","meta":{"_lmt_disableupdate":"","_lmt_disable":"","_jetpack_memberships_contains_paid_content":false,"footnotes":""},"categories":[109,47],"tags":[],"class_list":["post-34516","post","type-post","status-publish","format-standard","has-post-thumbnail","hentry","category-minuto-a-minuto","category-zona-gris"],"jetpack_featured_media_url":"https:\/\/zonaroja.com.mx\/wp-content\/uploads\/2021\/11\/b9dc7ccc-76c7-4310-b6dc-2da42f81120b.jpg","jetpack_sharing_enabled":true,"_links":{"self":[{"href":"https:\/\/zonaroja.com.mx\/index.php?rest_route=\/wp\/v2\/posts\/34516","targetHints":{"allow":["GET"]}}],"collection":[{"href":"https:\/\/zonaroja.com.mx\/index.php?rest_route=\/wp\/v2\/posts"}],"about":[{"href":"https:\/\/zonaroja.com.mx\/index.php?rest_route=\/wp\/v2\/types\/post"}],"author":[{"embeddable":true,"href":"https:\/\/zonaroja.com.mx\/index.php?rest_route=\/wp\/v2\/users\/2"}],"replies":[{"embeddable":true,"href":"https:\/\/zonaroja.com.mx\/index.php?rest_route=%2Fwp%2Fv2%2Fcomments&post=34516"}],"version-history":[{"count":1,"href":"https:\/\/zonaroja.com.mx\/index.php?rest_route=\/wp\/v2\/posts\/34516\/revisions"}],"predecessor-version":[{"id":34517,"href":"https:\/\/zonaroja.com.mx\/index.php?rest_route=\/wp\/v2\/posts\/34516\/revisions\/34517"}],"wp:featuredmedia":[{"embeddable":true,"href":"https:\/\/zonaroja.com.mx\/index.php?rest_route=\/wp\/v2\/media\/34515"}],"wp:attachment":[{"href":"https:\/\/zonaroja.com.mx\/index.php?rest_route=%2Fwp%2Fv2%2Fmedia&parent=34516"}],"wp:term":[{"taxonomy":"category","embeddable":true,"href":"https:\/\/zonaroja.com.mx\/index.php?rest_route=%2Fwp%2Fv2%2Fcategories&post=34516"},{"taxonomy":"post_tag","embeddable":true,"href":"https:\/\/zonaroja.com.mx\/index.php?rest_route=%2Fwp%2Fv2%2Ftags&post=34516"}],"curies":[{"name":"wp","href":"https:\/\/api.w.org\/{rel}","templated":true}]}}