{"id":34530,"date":"2021-11-21T16:03:48","date_gmt":"2021-11-21T22:03:48","guid":{"rendered":"https:\/\/www.zonaroja.com.mx\/?p=34530"},"modified":"2021-11-21T16:03:52","modified_gmt":"2021-11-21T22:03:52","slug":"colectivos-feministas-denuncian-violencia-politica-y-de-genero-contra-susana-harp","status":"publish","type":"post","link":"https:\/\/zonaroja.com.mx\/?p=34530","title":{"rendered":"Colectivos feministas denuncian violencia pol\u00edtica y de g\u00e9nero contra Susana Harp"},"content":{"rendered":"\n<p>Redacci\u00f3n\/Zona Roja.<\/p>\n\n\n\n<p>Oaxaca de Ju\u00e1rez, Oax., 21 de noviembre de 2021.- Colectivas de Mujeres Feministas Defensoras de los Derechos Humanos, y Precursoras para una Vida Libre de Violencia para las Mujeres en Oaxaca, denunciaron p\u00fablicamente una campa\u00f1a de odio en contra de la senadora Susana Harp Iturribarr\u00eda.<\/p>\n\n\n\n<p>En conferencia de prensa, informaron que en un periodo del mes de agosto a la fecha, se han identificado m\u00e1s de 25 p\u00e1ginas en medios digitales, principalmente en Facebook, que adem\u00e1s de promover discursos machistas y sexistas, incitan a generar agresiones f\u00edsicas en contra de la senadora por el Partido Morena.<\/p>\n\n\n\n<p>Detallaron que cada semana, estas p\u00e1ginas publicitarias de denostaci\u00f3n, se proveen con un recurso econ\u00f3mico de al menos 100 mil pesos, con el objetivo de llegar a grandes audiencias.<\/p>\n\n\n\n<p>En este contexto, hicieron un llamado a las y los contendientes aspirantes a ser el candidato o candidata a la gubernatura de Oaxaca, a la unidad y no contribuir a este tipo de agresiones que violentan la democracia de las mujeres y de la ciudadan\u00eda.<\/p>\n\n\n\n<figure class=\"wp-block-embed\"><div class=\"wp-block-embed__wrapper\">\n<div class=\"twitter-tweet\"><blockquote class=\"twitter-tweet\" data-lang=\"es\"><p lang=\"es\" dir=\"ltr\"><a href=\"https:\/\/twitter.com\/hashtag\/%C3%9AltimoMinuto?src=hash&amp;ref_src=twsrc%5Etfw\">#\u00daltimoMinuto<\/a> <br>Una de las v\u00edctimas de la violencia de g\u00e9nero es la senadora <a href=\"https:\/\/twitter.com\/SusanaHarp?ref_src=twsrc%5Etfw\">@SusanaHarp<\/a>, denunci\u00f3 el colectivo feminista, que detall\u00f3 la forma en que ha sido agredida la aspirante a la gubernatura de <a href=\"https:\/\/twitter.com\/hashtag\/Oaxaca?src=hash&amp;ref_src=twsrc%5Etfw\">#Oaxaca<\/a> por Morena. <a href=\"https:\/\/t.co\/WBxqNXFUVA\">pic.twitter.com\/WBxqNXFUVA<\/a><\/p>&mdash; Zona Roja Oaxaca (@Zona_Roja_Oax) <a href=\"https:\/\/twitter.com\/Zona_Roja_Oax\/status\/1462468855381430275?ref_src=twsrc%5Etfw\">21 de noviembre de 2021<\/a><\/blockquote><\/div>\n<\/div><\/figure>\n\n\n\n<p>Mencionaron que el motivo de esta campa\u00f1a de odio y misoginia, se debe a la arrolladora aceptaci\u00f3n de simpatizantes y militantes de morena por Susana Harp, como la persona preferida para contender por la candidatura para la gubernatura de Oaxaca.<\/p>\n\n\n\n<p>Ante estas agresiones, dieron a conocer que como un acto de sororidad, conformar\u00e1n el Observatorio Oaxaque\u00f1o por la Igualdad y la Democracia Ciudadana, el cual tiene como objetivo, denunciar y acompa\u00f1ar los casos de las compa\u00f1eras que sean violentadas y que puedan ser excluidas de la vida p\u00fablica.<\/p>\n\n\n\n<p>\u201cDemocracia paritaria ya, sin mujeres la democracia es solo una falacia, la lucha no es entre nosotras, el enemigo de la democracia es el patriarcado\u201d expresaron, en la conferencia efectuada la ma\u00f1ana de este domingo, en el centro de la ciudad de Oaxaca.<\/p>\n\n\n\n<figure class=\"wp-block-embed\"><div class=\"wp-block-embed__wrapper\">\n<div class=\"twitter-tweet\"><blockquote class=\"twitter-tweet\" data-lang=\"es\"><p lang=\"es\" dir=\"ltr\"><a href=\"https:\/\/twitter.com\/hashtag\/ENVIVO?src=hash&amp;ref_src=twsrc%5Etfw\">#ENVIVO<\/a><br>Oaxaca de Ju\u00e1rez, Oax., 21 de noviembre de 2021.- Conferencia de prensa de Mujeres Feministas Defensoras de Derechos Humanos, que denuncian casos de violencia de g\u00e9nero.<br><br>Aqu\u00ed la transmisi\u00f3n:<br>\ud83d\udc47<a href=\"https:\/\/t.co\/rRQ27xio8p\">https:\/\/t.co\/rRQ27xio8p<\/a> <a href=\"https:\/\/t.co\/xNmbuOuXNX\">pic.twitter.com\/xNmbuOuXNX<\/a><\/p>&mdash; Zona Roja Oaxaca (@Zona_Roja_Oax) <a href=\"https:\/\/twitter.com\/Zona_Roja_Oax\/status\/1462458827672940553?ref_src=twsrc%5Etfw\">21 de noviembre de 2021<\/a><\/blockquote><\/div>\n<\/div><\/figure>\n\n\n\n<figure class=\"wp-block-image\"><img decoding=\"async\" src=\"f_kw9psq620\" alt=\"\" \/><\/figure>\n","protected":false},"excerpt":{"rendered":"<p>Redacci\u00f3n\/Zona Roja. Oaxaca de Ju\u00e1rez, Oax., 21 de noviembre de 2021.- Colectivas de Mujeres Feministas&hellip;<\/p>\n","protected":false},"author":2,"featured_media":34529,"comment_status":"closed","ping_status":"open","sticky":false,"template":"","format":"standard","meta":{"_lmt_disableupdate":"","_lmt_disable":"","_jetpack_memberships_contains_paid_content":false,"footnotes":""},"categories":[109,47],"tags":[1685],"class_list":["post-34530","post","type-post","status-publish","format-standard","has-post-thumbnail","hentry","category-minuto-a-minuto","category-zona-gris","tag-susana-harp-iturribarria"],"jetpack_featured_media_url":"https:\/\/zonaroja.com.mx\/wp-content\/uploads\/2021\/11\/susana-harp-i-denuncia-violencia-ge\u0301nero.jpg","jetpack_sharing_enabled":true,"_links":{"self":[{"href":"https:\/\/zonaroja.com.mx\/index.php?rest_route=\/wp\/v2\/posts\/34530","targetHints":{"allow":["GET"]}}],"collection":[{"href":"https:\/\/zonaroja.com.mx\/index.php?rest_route=\/wp\/v2\/posts"}],"about":[{"href":"https:\/\/zonaroja.com.mx\/index.php?rest_route=\/wp\/v2\/types\/post"}],"author":[{"embeddable":true,"href":"https:\/\/zonaroja.com.mx\/index.php?rest_route=\/wp\/v2\/users\/2"}],"replies":[{"embeddable":true,"href":"https:\/\/zonaroja.com.mx\/index.php?rest_route=%2Fwp%2Fv2%2Fcomments&post=34530"}],"version-history":[{"count":1,"href":"https:\/\/zonaroja.com.mx\/index.php?rest_route=\/wp\/v2\/posts\/34530\/revisions"}],"predecessor-version":[{"id":34531,"href":"https:\/\/zonaroja.com.mx\/index.php?rest_route=\/wp\/v2\/posts\/34530\/revisions\/34531"}],"wp:featuredmedia":[{"embeddable":true,"href":"https:\/\/zonaroja.com.mx\/index.php?rest_route=\/wp\/v2\/media\/34529"}],"wp:attachment":[{"href":"https:\/\/zonaroja.com.mx\/index.php?rest_route=%2Fwp%2Fv2%2Fmedia&parent=34530"}],"wp:term":[{"taxonomy":"category","embeddable":true,"href":"https:\/\/zonaroja.com.mx\/index.php?rest_route=%2Fwp%2Fv2%2Fcategories&post=34530"},{"taxonomy":"post_tag","embeddable":true,"href":"https:\/\/zonaroja.com.mx\/index.php?rest_route=%2Fwp%2Fv2%2Ftags&post=34530"}],"curies":[{"name":"wp","href":"https:\/\/api.w.org\/{rel}","templated":true}]}}