{"id":34537,"date":"2021-11-21T18:55:52","date_gmt":"2021-11-22T00:55:52","guid":{"rendered":"https:\/\/www.zonaroja.com.mx\/?p=34537"},"modified":"2021-11-21T18:56:04","modified_gmt":"2021-11-22T00:56:04","slug":"denuncian-desalojo-por-parte-de-familiar-de-alberto-esteva-salinas","status":"publish","type":"post","link":"https:\/\/zonaroja.com.mx\/?p=34537","title":{"rendered":"Denuncian desalojo por parte de familiar de Alberto Esteva Salinas"},"content":{"rendered":"\n<p>Yuridiana Sosa\/Zona Roja.<\/p>\n\n\n\n<p>Oaxaca de Ju\u00e1rez, Oax., 21 de noviembre de 2021.- Familiares de quien era precandidato a gobernador de Oaxaca, Alberto Esteva Salinas, pretenden desalojar sin previo aviso y de forma ventajosa a sus inquilinos, a quienes adem\u00e1s quieren cobrarles los gastos legales del proceso legal en su contra.<\/p>\n\n\n\n<p>As\u00ed lo denunciaron los afectados, quienes conforman el grupo \u201cMatanga: taller editorial\u201d, por medio de sus redes sociales, en las que expusieron la notificaci\u00f3n por parte del Juzgado Cuarto Civil del Poder Judicial de Oaxaca.<\/p>\n\n\n\n<p>La acci\u00f3n por parte de los familiares de quien buscaba la postulaci\u00f3n del Partido Morena para gobernar Oaxaca, podr\u00eda conducir al cierre de la editorial, dedicada a publicar literatura oaxaque\u00f1a y a la elaboraci\u00f3n de cuadernos y libros hechos a mano.<\/p>\n\n\n\n<p>\u201cTodo porque nos negamos a ser sacados a la calle -someramente, sin negociaci\u00f3n y con un risible tiempo de aviso- de un departamento cuya renta hemos pagado puntualmente cada mes durante casi siete a\u00f1os (con sus respectivos aumentos anuales)\u201d, indic\u00f3 en su perfil uno de los afectados identificado como Guillermo Veronesi.<\/p>\n\n\n\n<p>El oficio con n\u00famero de expediente 282\/2021, que marca la fecha 25 de octubre de este a\u00f1o, y con anexos con la relator\u00eda de hechos, se\u00f1ala que el 1 de octubre de este 2021 culmin\u00f3 el contrato anual para el arrendamiento del inmueble ubicado en la privada de Alcal\u00e1 de la colonia D\u00edaz Ordaz, de Oaxaca de Ju\u00e1rez.<\/p>\n\n\n\n<p>El documento refiere que el contrato no se puede renovar ni prorrogar, pues \u201ctiene la necesidad de ocupar dicha finca por motivos familiares\u201d.<\/p>\n\n\n\n<p>\u201c\u00bfEst\u00e1 usted de acuerdo con eso, Licenciado Alberto Esteva? \u00bfC\u00f3mo cuadra el comportamiento de su familia con el lema \u00abOaxaca a coraz\u00f3n abierto\u00bb? En una ciudad que ha sufrido tanto de la gentrificaci\u00f3n, los desalojos y el alza indiscriminada de las rentas, \u00bfAs\u00ed piensa abordar esta problem\u00e1tica si llegara a ganar la gubernatura?\u201d, expuso Guillermo.<\/p>\n","protected":false},"excerpt":{"rendered":"<p>Yuridiana Sosa\/Zona Roja. Oaxaca de Ju\u00e1rez, Oax., 21 de noviembre de 2021.- Familiares de quien&hellip;<\/p>\n","protected":false},"author":2,"featured_media":34536,"comment_status":"closed","ping_status":"open","sticky":false,"template":"","format":"standard","meta":{"_lmt_disableupdate":"","_lmt_disable":"","_jetpack_memberships_contains_paid_content":false,"footnotes":""},"categories":[109,47],"tags":[1070],"class_list":["post-34537","post","type-post","status-publish","format-standard","has-post-thumbnail","hentry","category-minuto-a-minuto","category-zona-gris","tag-alberto-esteva-salinas"],"jetpack_featured_media_url":"https:\/\/zonaroja.com.mx\/wp-content\/uploads\/2021\/11\/denuncia-contra-alberto-esteva-salinas.jpg","jetpack_sharing_enabled":true,"_links":{"self":[{"href":"https:\/\/zonaroja.com.mx\/index.php?rest_route=\/wp\/v2\/posts\/34537","targetHints":{"allow":["GET"]}}],"collection":[{"href":"https:\/\/zonaroja.com.mx\/index.php?rest_route=\/wp\/v2\/posts"}],"about":[{"href":"https:\/\/zonaroja.com.mx\/index.php?rest_route=\/wp\/v2\/types\/post"}],"author":[{"embeddable":true,"href":"https:\/\/zonaroja.com.mx\/index.php?rest_route=\/wp\/v2\/users\/2"}],"replies":[{"embeddable":true,"href":"https:\/\/zonaroja.com.mx\/index.php?rest_route=%2Fwp%2Fv2%2Fcomments&post=34537"}],"version-history":[{"count":1,"href":"https:\/\/zonaroja.com.mx\/index.php?rest_route=\/wp\/v2\/posts\/34537\/revisions"}],"predecessor-version":[{"id":34538,"href":"https:\/\/zonaroja.com.mx\/index.php?rest_route=\/wp\/v2\/posts\/34537\/revisions\/34538"}],"wp:featuredmedia":[{"embeddable":true,"href":"https:\/\/zonaroja.com.mx\/index.php?rest_route=\/wp\/v2\/media\/34536"}],"wp:attachment":[{"href":"https:\/\/zonaroja.com.mx\/index.php?rest_route=%2Fwp%2Fv2%2Fmedia&parent=34537"}],"wp:term":[{"taxonomy":"category","embeddable":true,"href":"https:\/\/zonaroja.com.mx\/index.php?rest_route=%2Fwp%2Fv2%2Fcategories&post=34537"},{"taxonomy":"post_tag","embeddable":true,"href":"https:\/\/zonaroja.com.mx\/index.php?rest_route=%2Fwp%2Fv2%2Ftags&post=34537"}],"curies":[{"name":"wp","href":"https:\/\/api.w.org\/{rel}","templated":true}]}}