{"id":3454,"date":"2019-08-27T22:31:05","date_gmt":"2019-08-28T03:31:05","guid":{"rendered":"http:\/\/www.zonaroja.com.mx\/?p=3454"},"modified":"2019-08-28T06:59:04","modified_gmt":"2019-08-28T11:59:04","slug":"martes-rojo-un-ejecutado-asalto-en-la-capital-y-robo-de-camioneta-en-istmo","status":"publish","type":"post","link":"https:\/\/zonaroja.com.mx\/?p=3454","title":{"rendered":"Martes rojo: \u00abnarcomantas\u00bb, un ejecutado, asalto en la capital y robo de camioneta en Istmo"},"content":{"rendered":"\n<p>Redacci\u00f3n\/Zona\nRoja.<\/p>\n\n\n\n<p>Oaxaca de Ju\u00e1rez, Oax., 27 de agosto de 2019.- Una persona ejecutada en la regi\u00f3n de la Cuenca del Papaloapan, una negociaci\u00f3n asaltada en Valles Centrales y una camioneta robada con violencia en el Istmo de Tehuantepec, es el saldo de la jornada del martes. Adem\u00e1s, en la zona conurbada de la capital fueron colocadas \u00abnarcomantas\u00bb en al menos tres puntos.<\/p>\n\n\n\n<p>En San Juan\nBautista Tuxtepec, fue ultimado a balazos Jos\u00e9 Guadalupe Portugu\u00e9s Yesca, de\naproximadamente 23 a\u00f1os de edad y quien ten\u00eda su domicilio en la localidad de\nPapaloapan.<\/p>\n\n\n\n<p>Fue\nacribillado cuando sal\u00eda de un local de comida denominado \u201cPar\u00eds\u201d, ubicado en\nla calle Ocampo, entre avenida Libertad y 5 de Mayo. Hasta el momento se\ndesconoce qui\u00e9n o qui\u00e9nes perpetraron el homicidio.<\/p>\n\n\n\n<p>Por otra\nparte, en Santo Domingo Tehuantepec esta noche fue robada con violencia una\ncamioneta de lujo marca Toyota, propiedad de la empresa Servicios Renovables.<\/p>\n\n\n\n<p>El delito se\nreistr\u00f3 en la calle Oaxaca esquina con Tlaxacala; sujetos armados abordaron a\nlos ocupantes de la unidad, entre ellos una mujer con hijos, a quienes\nobligaron con armas de fuego a descender para luego darse a la fuga con rumbo\ndesconocido.<\/p>\n\n\n\n<p>Y en la\ncapital del estado, alrededor de las tres de la tarde fue asaltada una\npasteler\u00eda que se localiza en el bulevar Manuel Ruiz, de la colonia Reforma.<\/p>\n\n\n\n<p>Individuos\narmados amagaron a la empleada del establecimiento denominado \u201cGalletas\nProductos Facell\u201d, a la que obligaron entregarle la cuenta del d\u00eda; la joven sufri\u00f3\nuna crisis nerviosa por lo que fue necesario que recibiera atenci\u00f3n m\u00e9dica\nposteriormente.<\/p>\n\n\n\n<p>Hasta el momento no hay personas detenidas por ninguno de los tres casos.<\/p>\n\n\n\n<p>Por otra parte, en el transcurso de la madrugada del martes fuero colocadas al menos tres \u00abnarcomantas\u00bb en la zona conurbada de la capital; uno de ellos en inmediaciones de Cuil\u00e1pam de Guerrero, otro en el puente peatonal de Santa Luc\u00eda del Camino, sobre la carretera federal Oaxaca-Istmo, y uno m\u00e1s en la misma v\u00eda pero en la zona poniente, a la altura de la agencia de Pueblo Nuevo.<\/p>\n","protected":false},"excerpt":{"rendered":"<p>Redacci\u00f3n\/Zona Roja. Oaxaca de Ju\u00e1rez, Oax., 27 de agosto de 2019.- Una persona ejecutada en&hellip;<\/p>\n","protected":false},"author":2,"featured_media":3455,"comment_status":"closed","ping_status":"open","sticky":false,"template":"","format":"standard","meta":{"_lmt_disableupdate":"","_lmt_disable":"","_jetpack_memberships_contains_paid_content":false,"footnotes":""},"categories":[109,51],"tags":[118],"class_list":["post-3454","post","type-post","status-publish","format-standard","has-post-thumbnail","hentry","category-minuto-a-minuto","category-zona-roja","tag-san-juan-bautista-tuxtepec"],"jetpack_featured_media_url":"https:\/\/zonaroja.com.mx\/wp-content\/uploads\/2019\/08\/PHOTO-2019-08-27-18-55-04.jpg","jetpack_sharing_enabled":true,"_links":{"self":[{"href":"https:\/\/zonaroja.com.mx\/index.php?rest_route=\/wp\/v2\/posts\/3454","targetHints":{"allow":["GET"]}}],"collection":[{"href":"https:\/\/zonaroja.com.mx\/index.php?rest_route=\/wp\/v2\/posts"}],"about":[{"href":"https:\/\/zonaroja.com.mx\/index.php?rest_route=\/wp\/v2\/types\/post"}],"author":[{"embeddable":true,"href":"https:\/\/zonaroja.com.mx\/index.php?rest_route=\/wp\/v2\/users\/2"}],"replies":[{"embeddable":true,"href":"https:\/\/zonaroja.com.mx\/index.php?rest_route=%2Fwp%2Fv2%2Fcomments&post=3454"}],"version-history":[{"count":2,"href":"https:\/\/zonaroja.com.mx\/index.php?rest_route=\/wp\/v2\/posts\/3454\/revisions"}],"predecessor-version":[{"id":3458,"href":"https:\/\/zonaroja.com.mx\/index.php?rest_route=\/wp\/v2\/posts\/3454\/revisions\/3458"}],"wp:featuredmedia":[{"embeddable":true,"href":"https:\/\/zonaroja.com.mx\/index.php?rest_route=\/wp\/v2\/media\/3455"}],"wp:attachment":[{"href":"https:\/\/zonaroja.com.mx\/index.php?rest_route=%2Fwp%2Fv2%2Fmedia&parent=3454"}],"wp:term":[{"taxonomy":"category","embeddable":true,"href":"https:\/\/zonaroja.com.mx\/index.php?rest_route=%2Fwp%2Fv2%2Fcategories&post=3454"},{"taxonomy":"post_tag","embeddable":true,"href":"https:\/\/zonaroja.com.mx\/index.php?rest_route=%2Fwp%2Fv2%2Ftags&post=3454"}],"curies":[{"name":"wp","href":"https:\/\/api.w.org\/{rel}","templated":true}]}}