{"id":34540,"date":"2021-11-21T19:26:32","date_gmt":"2021-11-22T01:26:32","guid":{"rendered":"http:\/\/www.zonaroja.com.mx\/?p=34540"},"modified":"2021-11-21T19:26:35","modified_gmt":"2021-11-22T01:26:35","slug":"vinculan-a-proceso-a-diputado-gustavo-d-s-por-homicidio-en-oaxaca","status":"publish","type":"post","link":"https:\/\/zonaroja.com.mx\/?p=34540","title":{"rendered":"Vinculan a proceso a diputado Gustavo D. S., por homicidio en Oaxaca"},"content":{"rendered":"\n<p>Ismael Garc\u00eda M.\/Zona Roja.<\/p>\n\n\n\n<p>Oaxaca de Ju\u00e1rez, Oax., 21 de noviembre de 2021.- La Fiscal\u00eda General del Estado de Oaxaca (FGEO) confirm\u00f3 la aplicaci\u00f3n de una orden de aprehensi\u00f3n en contra del diputado electo Gustavo D. S., alias \u201cEl Gato\u201d, por el delito de homicidio.<\/p>\n\n\n\n<p>En un comunicado, la instituci\u00f3n inform\u00f3 que se le atribuye el asesinato de quien en vida respondiera al nombre de I. R. V., cometido en la regi\u00f3n de la Cuenca del Papaloapan.<\/p>\n\n\n\n<p>Detall\u00f3 que ejecut\u00f3 la orden de aprehensi\u00f3n el pasado 15 de noviembre de 2021, cuando el probable responsable estaba recluido en el Centro Federal de Readaptaci\u00f3n Social del municipio de Buenavista Tomatl\u00e1n, en el estado de Michoac\u00e1n, entidad en la que permanecer\u00e1 y afrontar\u00e1 este proceso legal.<\/p>\n\n\n\n<p>Expuso que por estos hechos y gracias a la exhaustiva labor de investigaci\u00f3n de la Vicefiscal\u00eda Regional de la Cuenca, el Juez de Control dict\u00f3 auto de vinculaci\u00f3n a proceso contra el imputado, otorgando dos meses para el cierre de investigaci\u00f3n complementaria.<\/p>\n\n\n\n<p>\u201cEn delitos de alto impacto, la Fiscal\u00eda General compromete exhaustivas investigaciones, a fin de presentar ante la justicia, sin distingo, a quienes resulten responsables\u201d, remarc\u00f3 la instituci\u00f3n que encabeza Arturo Peimbert.<\/p>\n\n\n\n<p>Gustavo D. S. debi\u00f3 rendir protesta el pasado 13 de noviembre como diputado del PRI, tras haber sido reelecto; sin embargo, por su condici\u00f3n de preso, no pudo hacerlo. Esta semana el Congreso del Estado prev\u00e9 tomar la determinaci\u00f3n de convocar a elecci\u00f3n extraordinaria en el distrito 01, con cabecera en Acatl\u00e1n de P\u00e9rez Figueroa.<\/p>\n","protected":false},"excerpt":{"rendered":"<p>Ismael Garc\u00eda M.\/Zona Roja. Oaxaca de Ju\u00e1rez, Oax., 21 de noviembre de 2021.- La Fiscal\u00eda&hellip;<\/p>\n","protected":false},"author":2,"featured_media":34041,"comment_status":"closed","ping_status":"open","sticky":false,"template":"","format":"standard","meta":{"_lmt_disableupdate":"","_lmt_disable":"","_jetpack_memberships_contains_paid_content":false,"footnotes":""},"categories":[109,47],"tags":[671],"class_list":["post-34540","post","type-post","status-publish","format-standard","has-post-thumbnail","hentry","category-minuto-a-minuto","category-zona-gris","tag-gustavo-diaz-sanchez"],"jetpack_featured_media_url":"https:\/\/zonaroja.com.mx\/wp-content\/uploads\/2021\/11\/Gustavo-Diaz-Sanchez.jpg","jetpack_sharing_enabled":true,"_links":{"self":[{"href":"https:\/\/zonaroja.com.mx\/index.php?rest_route=\/wp\/v2\/posts\/34540","targetHints":{"allow":["GET"]}}],"collection":[{"href":"https:\/\/zonaroja.com.mx\/index.php?rest_route=\/wp\/v2\/posts"}],"about":[{"href":"https:\/\/zonaroja.com.mx\/index.php?rest_route=\/wp\/v2\/types\/post"}],"author":[{"embeddable":true,"href":"https:\/\/zonaroja.com.mx\/index.php?rest_route=\/wp\/v2\/users\/2"}],"replies":[{"embeddable":true,"href":"https:\/\/zonaroja.com.mx\/index.php?rest_route=%2Fwp%2Fv2%2Fcomments&post=34540"}],"version-history":[{"count":1,"href":"https:\/\/zonaroja.com.mx\/index.php?rest_route=\/wp\/v2\/posts\/34540\/revisions"}],"predecessor-version":[{"id":34541,"href":"https:\/\/zonaroja.com.mx\/index.php?rest_route=\/wp\/v2\/posts\/34540\/revisions\/34541"}],"wp:featuredmedia":[{"embeddable":true,"href":"https:\/\/zonaroja.com.mx\/index.php?rest_route=\/wp\/v2\/media\/34041"}],"wp:attachment":[{"href":"https:\/\/zonaroja.com.mx\/index.php?rest_route=%2Fwp%2Fv2%2Fmedia&parent=34540"}],"wp:term":[{"taxonomy":"category","embeddable":true,"href":"https:\/\/zonaroja.com.mx\/index.php?rest_route=%2Fwp%2Fv2%2Fcategories&post=34540"},{"taxonomy":"post_tag","embeddable":true,"href":"https:\/\/zonaroja.com.mx\/index.php?rest_route=%2Fwp%2Fv2%2Ftags&post=34540"}],"curies":[{"name":"wp","href":"https:\/\/api.w.org\/{rel}","templated":true}]}}