{"id":34542,"date":"2021-11-22T09:03:00","date_gmt":"2021-11-22T15:03:00","guid":{"rendered":"http:\/\/www.zonaroja.com.mx\/?p=34542"},"modified":"2021-11-21T20:04:35","modified_gmt":"2021-11-22T02:04:35","slug":"tras-muerte-de-ciclista-semovi-retiro-5-camiones-de-zaachila-yoo-por-irregularidades","status":"publish","type":"post","link":"https:\/\/zonaroja.com.mx\/?p=34542","title":{"rendered":"Tras muerte de ciclista, Semovi retir\u00f3 5 camiones de \u201cZaachila Yoo\u201d, por irregularidades"},"content":{"rendered":"\n<p>Yuridiana Sosa\/Zona Roja.<\/p>\n\n\n\n<p>Oaxaca de Ju\u00e1rez, Oax., 22 de noviembre de 2021.- Luego del accidente en el que muri\u00f3 la ciclista Gabriela Soto al ser arrollada por una unidad del transporte p\u00fablico de la empresa \u201cZaachila Yoo\u201d, la Secretar\u00eda de Movilidad de Oaxaca (Semovi) logr\u00f3 el retiro de cinco camiones que no contaban con los requisitos para circular. <\/p>\n\n\n\n<p>A 11 meses de los hechos, ocurridos en diciembre de 2020, el titular de la Semovi, Arturo L\u00f3pez Sorroza, indic\u00f3 que comenzaron con el proceso de la revocaci\u00f3n de concesi\u00f3n, durante el cual se detectaron diversas irregularidades por parte de la empresa que contaba con 32 unidades de motor de transporte de pasajeros.<\/p>\n\n\n\n<p>En el marco del foro para conmemorar D\u00eda Mundial de Conmemoraci\u00f3n en Memoria de las V\u00edctimas de Siniestros Viales, detall\u00f3 que de forma inmediata, tras el siniestro de Gaby Soto, se dio de baja a un cami\u00f3n.<\/p>\n\n\n\n<p>Despu\u00e9s, la Semovi aplic\u00f3 una revisi\u00f3n a fondo que dio como resultado la baja de otras cuatro unidades que no pasaron la reglamentaci\u00f3n, as\u00ed como que se capacit\u00f3 a la empresa para un mejor control de su personal.<\/p>\n\n\n\n<p>Pues fue dif\u00edcil detectar la identidad del chofer responsable del accidente debido a que la empresa refer\u00eda que no contaba con un registro actualizado de sus empleados. Actualmente, el conductor se encuentra detenido.<\/p>\n\n\n\n<p>Sin embargo, a pesar de los trabajos por tratar de ser m\u00e1s asertivos en sus acciones por una mejor movilidad, en Oaxaca hacen falta m\u00e1s leyes y reglamentos severos para sancionar a quienes provocan alg\u00fan da\u00f1o, se\u00f1al\u00f3 el titular de la Semovi.<\/p>\n\n\n\n<p>BICIRRUTAS<\/p>\n\n\n\n<p>En la capital y zona conurbada la Secretar\u00eda de Movilidad habilit\u00f3 una bicirruta de 15 kil\u00f3metros, lo cual conecta a distintos caminos entre s\u00ed y con eso mejorar las condiciones de circulaci\u00f3n en comparaci\u00f3n a la ciclov\u00eda en avenida Universidad en la capital y en avenida Ferrocarril en Santa Luc\u00eda del Camino, las cuales estaban separadas y de dif\u00edcil acceso, agreg\u00f3.<\/p>\n\n\n\n<p>Durante el foro que inici\u00f3 el viernes 19 y concluy\u00f3 este 21 de noviembre, se proyect\u00f3 el documental \u201cGaby Soto, Bici Blanca: una bici me ense\u00f1a sobre el activismo y el ciclismo\u201d, el cual se\u00f1ala la problem\u00e1tica de movilidad en Oaxaca a trav\u00e9s del caso de Gabriela Soto, v\u00edctima mortal de la imprudencia al conducir y la falta de v\u00edas accesibles para los ciclistas.<\/p>\n\n\n\n<p>Esther Soto, representante del Colectivo Gaby Soto Bici Blanca, expres\u00f3 el doloroso camino que ahora enfrenta en su lucha por el derecho a una mejor movilidad y por la justicia en el caso de su hermana.<\/p>\n\n\n\n<p>Su defensa a favor de los ciclistas comenz\u00f3 hace 11 meses, tras el fallecimiento de su hermana, quien a diferencia de ella s\u00ed se ocupaba la bicicleta como su medio de transporte; por lo que despu\u00e9s de 12 a\u00f1os de no montar una bici, volvi\u00f3 hacerlo para comenzar el movimiento al que decenas de ciudadanos se han sumado.<\/p>\n","protected":false},"excerpt":{"rendered":"<p>Yuridiana Sosa\/Zona Roja. Oaxaca de Ju\u00e1rez, Oax., 22 de noviembre de 2021.- Luego del accidente&hellip;<\/p>\n","protected":false},"author":2,"featured_media":34543,"comment_status":"closed","ping_status":"open","sticky":false,"template":"","format":"standard","meta":{"_lmt_disableupdate":"","_lmt_disable":"","_jetpack_memberships_contains_paid_content":false,"footnotes":""},"categories":[109,47],"tags":[2304],"class_list":["post-34542","post","type-post","status-publish","format-standard","has-post-thumbnail","hentry","category-minuto-a-minuto","category-zona-gris","tag-gabriela-soto"],"jetpack_featured_media_url":"https:\/\/zonaroja.com.mx\/wp-content\/uploads\/2021\/11\/Transportes-Zacchila-Yoo.jpeg","jetpack_sharing_enabled":true,"_links":{"self":[{"href":"https:\/\/zonaroja.com.mx\/index.php?rest_route=\/wp\/v2\/posts\/34542","targetHints":{"allow":["GET"]}}],"collection":[{"href":"https:\/\/zonaroja.com.mx\/index.php?rest_route=\/wp\/v2\/posts"}],"about":[{"href":"https:\/\/zonaroja.com.mx\/index.php?rest_route=\/wp\/v2\/types\/post"}],"author":[{"embeddable":true,"href":"https:\/\/zonaroja.com.mx\/index.php?rest_route=\/wp\/v2\/users\/2"}],"replies":[{"embeddable":true,"href":"https:\/\/zonaroja.com.mx\/index.php?rest_route=%2Fwp%2Fv2%2Fcomments&post=34542"}],"version-history":[{"count":2,"href":"https:\/\/zonaroja.com.mx\/index.php?rest_route=\/wp\/v2\/posts\/34542\/revisions"}],"predecessor-version":[{"id":34545,"href":"https:\/\/zonaroja.com.mx\/index.php?rest_route=\/wp\/v2\/posts\/34542\/revisions\/34545"}],"wp:featuredmedia":[{"embeddable":true,"href":"https:\/\/zonaroja.com.mx\/index.php?rest_route=\/wp\/v2\/media\/34543"}],"wp:attachment":[{"href":"https:\/\/zonaroja.com.mx\/index.php?rest_route=%2Fwp%2Fv2%2Fmedia&parent=34542"}],"wp:term":[{"taxonomy":"category","embeddable":true,"href":"https:\/\/zonaroja.com.mx\/index.php?rest_route=%2Fwp%2Fv2%2Fcategories&post=34542"},{"taxonomy":"post_tag","embeddable":true,"href":"https:\/\/zonaroja.com.mx\/index.php?rest_route=%2Fwp%2Fv2%2Ftags&post=34542"}],"curies":[{"name":"wp","href":"https:\/\/api.w.org\/{rel}","templated":true}]}}