{"id":34549,"date":"2021-11-21T21:03:06","date_gmt":"2021-11-22T03:03:06","guid":{"rendered":"http:\/\/www.zonaroja.com.mx\/?p=34549"},"modified":"2021-11-21T21:03:10","modified_gmt":"2021-11-22T03:03:10","slug":"advierten-de-posible-cuarta-ola-de-covid-en-oaxaca","status":"publish","type":"post","link":"https:\/\/zonaroja.com.mx\/?p=34549","title":{"rendered":"Advierten de posible cuarta ola de Covid en Oaxaca"},"content":{"rendered":"\n<p>Redacci\u00f3n\/Zona Roja.<\/p>\n\n\n\n<p>Oaxaca de Ju\u00e1rez, Oax. 21 de noviembre de 2021.- En el periodo del 14 al 20 de noviembre, Oaxaca registr\u00f3 un acumulado de 82 mil 735 casos confirmados de Covid-19, observando un ligero descenso con respecto a la semana anterior, pasando de 431 a 416 registros esta semana.<\/p>\n\n\n\n<p>En tanto, de acuerdo con un comunicado de los Servicios de Salud de Oaxaca (SSO), el promedio de ocupaci\u00f3n hospitalaria para la atenci\u00f3n a pacientes con complicaciones derivadas de esta enfermedad fue de 25%, adem\u00e1s, en ese lapso se reportaron 24 decesos a causa de esta patolog\u00eda respiratoria.<\/p>\n\n\n\n<p>Ante ello, la dependencia advirti\u00f3 que una posible cuarta ola del virus SARS-CoV-2, es latente, si las personas descuidan las normas sanitarias.<\/p>\n\n\n\n<p>Puntualiz\u00f3 que a\u00fan el coronavirus contin\u00faa activo, y para no facilitarle su expansi\u00f3n, es clave respetar el lavado de manos, la sana distancia, uso correcto del cubrebocas, evitar lugares concurridos o espacios cerrados con poca ventilaci\u00f3n.<\/p>\n\n\n\n<p>\u201cSi bien la vacunaci\u00f3n ha sido efectiva para reducir la mortalidad y las hospitalizaciones, hay que tener en consideraci\u00f3n que la transmisibilidad del virus se reducir\u00e1 a medida que haya m\u00e1s poblaci\u00f3n inmunizada. De ah\u00ed la importancia de vacunarse cuando corresponda y no dejar pasar esta oportunidad\u201d, exhort\u00f3.<\/p>\n\n\n\n<p>La instituci\u00f3n detall\u00f3 que durante los \u00faltimos siete d\u00edas se aplicaron siete mil 944 dosis de la farmac\u00e9utica Pfizer-BioNTech en Valles Centrales a poblaci\u00f3n mayor de 18 a\u00f1os y tambi\u00e9n para adolescentes de 12 a 17 a\u00f1os con comorbilidades espec\u00edficas.<\/p>\n\n\n\n<p>As\u00ed tambi\u00e9n explic\u00f3 que con base al \u00abLineamiento para la estimaci\u00f3n de riesgos del sem\u00e1foro por regiones Covid-19\u00bb emitido por el Gobierno Federal, Oaxaca continuar\u00e1 hasta el domingo 28 de noviembre en sem\u00e1foro color verde.<\/p>\n","protected":false},"excerpt":{"rendered":"<p>Redacci\u00f3n\/Zona Roja. Oaxaca de Ju\u00e1rez, Oax. 21 de noviembre de 2021.- En el periodo del&hellip;<\/p>\n","protected":false},"author":2,"featured_media":34550,"comment_status":"closed","ping_status":"open","sticky":false,"template":"","format":"standard","meta":{"_lmt_disableupdate":"","_lmt_disable":"","_jetpack_memberships_contains_paid_content":false,"footnotes":""},"categories":[109,47],"tags":[1512],"class_list":["post-34549","post","type-post","status-publish","format-standard","has-post-thumbnail","hentry","category-minuto-a-minuto","category-zona-gris","tag-coronavirus-oaxaca"],"jetpack_featured_media_url":"https:\/\/zonaroja.com.mx\/wp-content\/uploads\/2021\/11\/Gente-Covid-Oaxaca.jpg","jetpack_sharing_enabled":true,"_links":{"self":[{"href":"https:\/\/zonaroja.com.mx\/index.php?rest_route=\/wp\/v2\/posts\/34549","targetHints":{"allow":["GET"]}}],"collection":[{"href":"https:\/\/zonaroja.com.mx\/index.php?rest_route=\/wp\/v2\/posts"}],"about":[{"href":"https:\/\/zonaroja.com.mx\/index.php?rest_route=\/wp\/v2\/types\/post"}],"author":[{"embeddable":true,"href":"https:\/\/zonaroja.com.mx\/index.php?rest_route=\/wp\/v2\/users\/2"}],"replies":[{"embeddable":true,"href":"https:\/\/zonaroja.com.mx\/index.php?rest_route=%2Fwp%2Fv2%2Fcomments&post=34549"}],"version-history":[{"count":1,"href":"https:\/\/zonaroja.com.mx\/index.php?rest_route=\/wp\/v2\/posts\/34549\/revisions"}],"predecessor-version":[{"id":34551,"href":"https:\/\/zonaroja.com.mx\/index.php?rest_route=\/wp\/v2\/posts\/34549\/revisions\/34551"}],"wp:featuredmedia":[{"embeddable":true,"href":"https:\/\/zonaroja.com.mx\/index.php?rest_route=\/wp\/v2\/media\/34550"}],"wp:attachment":[{"href":"https:\/\/zonaroja.com.mx\/index.php?rest_route=%2Fwp%2Fv2%2Fmedia&parent=34549"}],"wp:term":[{"taxonomy":"category","embeddable":true,"href":"https:\/\/zonaroja.com.mx\/index.php?rest_route=%2Fwp%2Fv2%2Fcategories&post=34549"},{"taxonomy":"post_tag","embeddable":true,"href":"https:\/\/zonaroja.com.mx\/index.php?rest_route=%2Fwp%2Fv2%2Ftags&post=34549"}],"curies":[{"name":"wp","href":"https:\/\/api.w.org\/{rel}","templated":true}]}}