{"id":34552,"date":"2021-11-21T21:50:46","date_gmt":"2021-11-22T03:50:46","guid":{"rendered":"http:\/\/www.zonaroja.com.mx\/?p=34552"},"modified":"2021-11-21T21:50:51","modified_gmt":"2021-11-22T03:50:51","slug":"atestigua-susana-harp-presentacion-del-coro-infantil-y-juvenil-santa-lucia","status":"publish","type":"post","link":"https:\/\/zonaroja.com.mx\/?p=34552","title":{"rendered":"Atestigua Susana Harp presentaci\u00f3n del Coro Infantil y Juvenil Santa Luc\u00eda"},"content":{"rendered":"\n<p>Ismael Garc\u00eda M.\/Zona Roja.<\/p>\n\n\n\n<p>Santa Luc\u00eda del Camino, Oax., 21 de noviembre de 2021.- La Fundaci\u00f3n Pradillo present\u00f3 este domingo el Coro Infantil y Juvenil Santa Luc\u00eda, que fue atestiguado por la senadora Susana Harp Iturribarr\u00eda.<\/p>\n\n\n\n<p>El encuentro fue presidido por el presidente de ese organismo civil, Mario Pradillo S\u00e1nchez, as\u00ed como su esposa Vania Cruz, entre otros.<\/p>\n\n\n\n<p>De acuerdo con el presidente de la Fundaci\u00f3n Pradillo, se trata de una iniciativa que impulsa con la finalidad de promover la cultura y las artes en Oaxaca.<\/p>\n\n\n\n<p>\u201cUn enorme agradecimiento a los padres y madres, que han dedicado su tiempo y su esfuerzo para llevarlos a sus clases. Reconocer el esmero, la dedicaci\u00f3n, la experiencia y el talento de la profesora Isis Orozco, quien ha aportado mucho para que esto sea una realidad\u201d, dijo.<\/p>\n\n\n\n<p>Agradeci\u00f3 la presencia de la senadora por Morena, presidenta de la Comisi\u00f3n de Cultura en el Senado de la Rep\u00fablica, quien se ha distinguido como impulsora de la cultura y de la protecci\u00f3n de las artesan\u00edas y creaciones de los pueblos aut\u00f3ctonos, adem\u00e1s de destacar por la defensa de los grupos afromexicanos.<\/p>\n\n\n\n<p>En su mensaje, Susana Harp resalt\u00f3 este tipo de iniciativas, \u201cpues cantar conecta al ser humano con lo m\u00e1s profundo que es nuestro coraz\u00f3n, nuestro esp\u00edritu.<\/p>\n\n\n\n<p>\u201cCantar es un acto profundo con uno mismo, es m\u00e1s all\u00e1 de esperar o no el aplauso\u201d, a\u00f1adi\u00f3, al felicitar a la Fundaci\u00f3n Pradillo por este esfuerzo.<\/p>\n\n\n\n<p>\u201cTodos como oaxaque\u00f1os tenemos que seguir haciendo lo propio; si algo nos distingue en nuestro estado es trabajar en comunidad, en tequio; saber hacer las cosas como grupos organizados.<\/p>\n\n\n\n<p>\u201cQu\u00e9 bueno que estemos sacando la casta y sacando lo menor de nosotros mismos. La pandemia nos enfrent\u00f3 y nos confront\u00f3 en muchos momentos dif\u00edciles, duros; qu\u00e9 bueno que ahora estamos en mejores momentos de la salud\u201d, expuso, al exhortar a no dejar de tomar las medidas prevetivas.<\/p>\n\n\n\n<p>Los peque\u00f1os y adolescentes interpretaron una melod\u00eda y a petici\u00f3n de ellos, la senadora cant\u00f3 unas estrofas de una canci\u00f3n en zapoteco, de un autor ind\u00edgena de Uni\u00f3n Hidalgo.<\/p>\n\n\n\n<figure class=\"wp-block-embed is-type-rich is-provider-twitter wp-block-embed-twitter\"><div class=\"wp-block-embed__wrapper\">\n<div class=\"twitter-tweet\"><blockquote class=\"twitter-tweet\" data-lang=\"es\"><p lang=\"es\" dir=\"ltr\">Y 3. Esta es una muestra de la presentaci\u00f3n del Coro Infantil y Juvenil Santa Luc\u00eda, que promueve la Fundaci\u00f3n Pradillo en <a href=\"https:\/\/twitter.com\/hashtag\/Oaxaca?src=hash&amp;ref_src=twsrc%5Etfw\">#Oaxaca<\/a> y que fue presentado este domingo. <a href=\"https:\/\/t.co\/gfu0qHkPKQ\">pic.twitter.com\/gfu0qHkPKQ<\/a><\/p>&mdash; Zona Roja Oaxaca (@Zona_Roja_Oax) <a href=\"https:\/\/twitter.com\/Zona_Roja_Oax\/status\/1462582008492683265?ref_src=twsrc%5Etfw\">22 de noviembre de 2021<\/a><\/blockquote><\/div>\n<\/div><\/figure>\n","protected":false},"excerpt":{"rendered":"<p>Ismael Garc\u00eda M.\/Zona Roja. Santa Luc\u00eda del Camino, Oax., 21 de noviembre de 2021.- La&hellip;<\/p>\n","protected":false},"author":2,"featured_media":34553,"comment_status":"closed","ping_status":"open","sticky":false,"template":"","format":"standard","meta":{"_lmt_disableupdate":"","_lmt_disable":"","_jetpack_memberships_contains_paid_content":false,"footnotes":""},"categories":[109,46],"tags":[1685],"class_list":["post-34552","post","type-post","status-publish","format-standard","has-post-thumbnail","hentry","category-minuto-a-minuto","category-zona-blanca","tag-susana-harp-iturribarria"],"jetpack_featured_media_url":"https:\/\/zonaroja.com.mx\/wp-content\/uploads\/2021\/11\/Susana-Harp-ninos-coro-infantil-Santa-Lucia.jpg","jetpack_sharing_enabled":true,"_links":{"self":[{"href":"https:\/\/zonaroja.com.mx\/index.php?rest_route=\/wp\/v2\/posts\/34552","targetHints":{"allow":["GET"]}}],"collection":[{"href":"https:\/\/zonaroja.com.mx\/index.php?rest_route=\/wp\/v2\/posts"}],"about":[{"href":"https:\/\/zonaroja.com.mx\/index.php?rest_route=\/wp\/v2\/types\/post"}],"author":[{"embeddable":true,"href":"https:\/\/zonaroja.com.mx\/index.php?rest_route=\/wp\/v2\/users\/2"}],"replies":[{"embeddable":true,"href":"https:\/\/zonaroja.com.mx\/index.php?rest_route=%2Fwp%2Fv2%2Fcomments&post=34552"}],"version-history":[{"count":1,"href":"https:\/\/zonaroja.com.mx\/index.php?rest_route=\/wp\/v2\/posts\/34552\/revisions"}],"predecessor-version":[{"id":34554,"href":"https:\/\/zonaroja.com.mx\/index.php?rest_route=\/wp\/v2\/posts\/34552\/revisions\/34554"}],"wp:featuredmedia":[{"embeddable":true,"href":"https:\/\/zonaroja.com.mx\/index.php?rest_route=\/wp\/v2\/media\/34553"}],"wp:attachment":[{"href":"https:\/\/zonaroja.com.mx\/index.php?rest_route=%2Fwp%2Fv2%2Fmedia&parent=34552"}],"wp:term":[{"taxonomy":"category","embeddable":true,"href":"https:\/\/zonaroja.com.mx\/index.php?rest_route=%2Fwp%2Fv2%2Fcategories&post=34552"},{"taxonomy":"post_tag","embeddable":true,"href":"https:\/\/zonaroja.com.mx\/index.php?rest_route=%2Fwp%2Fv2%2Ftags&post=34552"}],"curies":[{"name":"wp","href":"https:\/\/api.w.org\/{rel}","templated":true}]}}