{"id":34555,"date":"2021-11-21T22:04:59","date_gmt":"2021-11-22T04:04:59","guid":{"rendered":"http:\/\/www.zonaroja.com.mx\/?p=34555"},"modified":"2021-11-21T22:05:02","modified_gmt":"2021-11-22T04:05:02","slug":"protestan-por-desalojo-de-ex-trabajadores-ni-gases-ni-violencia-sspo","status":"publish","type":"post","link":"https:\/\/zonaroja.com.mx\/?p=34555","title":{"rendered":"Protestan por desalojo de ex trabajadores; ni gases ni violencia: SSPO"},"content":{"rendered":"\n<p>Redacci\u00f3n\/Zona Roja.<\/p>\n\n\n\n<p>Oaxaca de Ju\u00e1rez, Oax., 21 de noviembre de 2021.- Representantes de los sindicatos de trabajadores de los Servicios de Salud de Oaxaca (SSO) protestaron este mediod\u00eda en la capital, tras el desalojo del \u201cplant\u00f3n\u201d en la avenida Ju\u00e1rez, frente a la Casa Oficial.<\/p>\n\n\n\n<p>Respaldados por la organizaci\u00f3n priista Antorcha Campesina, denunciaron que el retiro, ocurrido alrededor de las dos de la ma\u00f1ana, fue violento, con lanzamiento de cartuchos de gas lacrim\u00f3geno y adem\u00e1s de robo de equipos.<\/p>\n\n\n\n<p>Anunciaron la reorganizaci\u00f3n de su movimiento, integrado por m\u00e1s de mil trabajadores despedidos, y una pr\u00f3xima jornada de lunes, a partir de este lunes, que incluir\u00e1 bloqueo de cruceros viales.<\/p>\n\n\n\n<p>Reprocharon la insensibilidad del titular de los SSO, Juan Carlos M\u00e1rquez Heine, por negarse a atender sus demandas.<\/p>\n\n\n\n<figure class=\"wp-block-embed is-type-rich is-provider-twitter wp-block-embed-twitter\"><div class=\"wp-block-embed__wrapper\">\n<div class=\"twitter-tweet\"><blockquote class=\"twitter-tweet\" data-lang=\"es\"><p lang=\"es\" dir=\"ltr\"><a href=\"https:\/\/twitter.com\/hashtag\/ENVIVO?src=hash&amp;ref_src=twsrc%5Etfw\">#ENVIVO<\/a><br>Oaxaca de Ju\u00e1rez, Oax., 21 de noviembre de 2021.- Conferencia de prensa de ex trabajadores del sector salud, que fueron desalojados la madrugada de hoy de su \u201cplant\u00f3n\u201d.<br>Aqu\u00ed la transmisi\u00f3n:<br>\ud83d\udc47<a href=\"https:\/\/t.co\/T0tBrIZg1q\">https:\/\/t.co\/T0tBrIZg1q<\/a> <a href=\"https:\/\/t.co\/scrhTsQabe\">pic.twitter.com\/scrhTsQabe<\/a><\/p>&mdash; Zona Roja Oaxaca (@Zona_Roja_Oax) <a href=\"https:\/\/twitter.com\/Zona_Roja_Oax\/status\/1462489555081252877?ref_src=twsrc%5Etfw\">21 de noviembre de 2021<\/a><\/blockquote><\/div>\n<\/div><\/figure>\n\n\n\n<p>SIN VIOLENCIA<\/p>\n\n\n\n<p>Por su parte, la Secretar\u00eda de Seguridad P\u00fablica de Oaxaca (SSPO), rechaz\u00f3 que el retiro del \u201cplant\u00f3n\u201d haya sido violento y mucho menos que se hayan cometido delitos en contra de los manifestantes.<\/p>\n\n\n\n<p>Indic\u00f3 que se trata de preservar el derecho al libre tr\u00e1nsito, en esa vialidad principal, que conecta al norte con el sur de la capital, as\u00ed como municipios conurbados.<\/p>\n\n\n\n<p>La Secretar\u00eda de Seguridad P\u00fablica (SSP), que encabeza Heliodoro D\u00edaz Esc\u00e1rraga, inform\u00f3 que no permitir\u00e1 ning\u00fan acto que vulnere la ley ni violen los derechos de terceros.<\/p>\n\n\n\n<p>Y agreg\u00f3 que su \u00fanico objetivo es y ser\u00e1 garantizar la seguridad y bienestar de la poblaci\u00f3n.<\/p>\n\n\n\n<p>En tanto, la ciudadan\u00eda oaxaque\u00f1a reconoci\u00f3 el compromiso y trabajo de las corporaciones estatales de seguridad, quienes montaron este domingo un operativo para liberar las calles bloqueadas por un grupo de manifestantes.<\/p>\n\n\n\n<figure class=\"wp-block-embed is-type-rich is-provider-twitter wp-block-embed-twitter\"><div class=\"wp-block-embed__wrapper\">\n<div class=\"twitter-tweet\"><blockquote class=\"twitter-tweet\" data-lang=\"es\"><p lang=\"es\" dir=\"ltr\"><a href=\"https:\/\/twitter.com\/hashtag\/%C3%9AltimoMinuto?src=hash&amp;ref_src=twsrc%5Etfw\">#\u00daltimoMinuto<\/a> <br>Mientras ocurr\u00eda un asesinato en el Centro Hist\u00f3rico de la capital, la madrugada de hoy personal policiaco desaloj\u00f3 a los trabajadores despedidos del sector salud de <a href=\"https:\/\/twitter.com\/hashtag\/Oaxaca?src=hash&amp;ref_src=twsrc%5Etfw\">#Oaxaca<\/a>, que bloqueaban desde hace tres meses la avenida Ju\u00e1rez de la ciudad. <a href=\"https:\/\/t.co\/IGFiZmABhG\">pic.twitter.com\/IGFiZmABhG<\/a><\/p>&mdash; Zona Roja Oaxaca (@Zona_Roja_Oax) <a href=\"https:\/\/twitter.com\/Zona_Roja_Oax\/status\/1462422334363475977?ref_src=twsrc%5Etfw\">21 de noviembre de 2021<\/a><\/blockquote><\/div>\n<\/div><\/figure>\n\n\n\n<p><\/p>\n","protected":false},"excerpt":{"rendered":"<p>Redacci\u00f3n\/Zona Roja. Oaxaca de Ju\u00e1rez, Oax., 21 de noviembre de 2021.- Representantes de los sindicatos&hellip;<\/p>\n","protected":false},"author":2,"featured_media":34556,"comment_status":"closed","ping_status":"open","sticky":false,"template":"","format":"standard","meta":{"_lmt_disableupdate":"","_lmt_disable":"","_jetpack_memberships_contains_paid_content":false,"footnotes":""},"categories":[109,47],"tags":[],"class_list":["post-34555","post","type-post","status-publish","format-standard","has-post-thumbnail","hentry","category-minuto-a-minuto","category-zona-gris"],"jetpack_featured_media_url":"https:\/\/zonaroja.com.mx\/wp-content\/uploads\/2021\/11\/Desalojo-1-planton-salud-ok.jpg","jetpack_sharing_enabled":true,"_links":{"self":[{"href":"https:\/\/zonaroja.com.mx\/index.php?rest_route=\/wp\/v2\/posts\/34555","targetHints":{"allow":["GET"]}}],"collection":[{"href":"https:\/\/zonaroja.com.mx\/index.php?rest_route=\/wp\/v2\/posts"}],"about":[{"href":"https:\/\/zonaroja.com.mx\/index.php?rest_route=\/wp\/v2\/types\/post"}],"author":[{"embeddable":true,"href":"https:\/\/zonaroja.com.mx\/index.php?rest_route=\/wp\/v2\/users\/2"}],"replies":[{"embeddable":true,"href":"https:\/\/zonaroja.com.mx\/index.php?rest_route=%2Fwp%2Fv2%2Fcomments&post=34555"}],"version-history":[{"count":1,"href":"https:\/\/zonaroja.com.mx\/index.php?rest_route=\/wp\/v2\/posts\/34555\/revisions"}],"predecessor-version":[{"id":34557,"href":"https:\/\/zonaroja.com.mx\/index.php?rest_route=\/wp\/v2\/posts\/34555\/revisions\/34557"}],"wp:featuredmedia":[{"embeddable":true,"href":"https:\/\/zonaroja.com.mx\/index.php?rest_route=\/wp\/v2\/media\/34556"}],"wp:attachment":[{"href":"https:\/\/zonaroja.com.mx\/index.php?rest_route=%2Fwp%2Fv2%2Fmedia&parent=34555"}],"wp:term":[{"taxonomy":"category","embeddable":true,"href":"https:\/\/zonaroja.com.mx\/index.php?rest_route=%2Fwp%2Fv2%2Fcategories&post=34555"},{"taxonomy":"post_tag","embeddable":true,"href":"https:\/\/zonaroja.com.mx\/index.php?rest_route=%2Fwp%2Fv2%2Ftags&post=34555"}],"curies":[{"name":"wp","href":"https:\/\/api.w.org\/{rel}","templated":true}]}}