{"id":34561,"date":"2021-11-22T07:59:05","date_gmt":"2021-11-22T13:59:05","guid":{"rendered":"http:\/\/www.zonaroja.com.mx\/?p=34561"},"modified":"2021-11-22T07:59:09","modified_gmt":"2021-11-22T13:59:09","slug":"salud-federal-advierte-tambien-cuarta-ola-de-covid-en-mexico","status":"publish","type":"post","link":"https:\/\/zonaroja.com.mx\/?p=34561","title":{"rendered":"Salud federal advierte tambi\u00e9n cuarta ola de Covid en M\u00e9xico"},"content":{"rendered":"\n<p>Redacci\u00f3n\/Zona Roja.<\/p>\n\n\n\n<p>Oaxaca de Ju\u00e1rez, Oax., 22 de noviembre de 2021.- Con un cambio en la tendencia de los casos y las defunciones, M\u00e9xico empez\u00f3 a dar se\u00f1ales de que est\u00e1 por entrar a una cuarta ola de Covid-19, indicaron autoridades y especialistas en salud.<\/p>\n\n\n\n<p>La epidemia de Covid en nuestro pa\u00eds se ubica en una meseta, es decir, que se detuvo su tendencia a la baja. Las semanas 43 y 44 cerraron con cifras similares en el n\u00famero de contagios, 17 mil 941 y 17 mil 317, respectivamente, seg\u00fan la Plataforma Sinave de la Secretar\u00eda de Salud.<\/p>\n\n\n\n<p>El acad\u00e9mico de la Universidad Aut\u00f3noma de San Luis Potos\u00ed, Andreu Comas a\u00f1adi\u00f3 que si bien la epidemia est\u00e1 en una fase de estabilizaci\u00f3n, esto puede cambiar muy pronto.<\/p>\n\n\n\n<p>\u201cLos par\u00e1metros de la pandemia ya nos empiezan a mostrar que esta meseta para la pr\u00f3xima semana pudiera tener un leve o marginal incremento de casos, y as\u00ed estaremos oscilando en las pr\u00f3ximas semanas\u201d, dijo el m\u00e9dico epidemi\u00f3logo, quien ha revisado los datos sobre la epidemia hasta la semana 46, que concluy\u00f3 el 20 de noviembre.<\/p>\n\n\n\n<p>El experto analiz\u00f3 la tasa de cambio diario de casos de Covid. En la gr\u00e1fica se observa c\u00f3mo del 3 al 20 de noviembre, ese indicador subi\u00f3 de 0.07 a 0.10 por ciento.<\/p>\n\n\n\n<p>Andreu Comas reiter\u00f3 que el repunte de la epidemia va a despegar en diciembre, pero el incremento m\u00e1s acelerado de casos ocurrir\u00eda en la segunda mitad de enero de 2022. Esto depender\u00e1 del aumento de movilidad por conciertos y las fiestas decembrinas, entre otros factores.<\/p>\n\n\n\n<p>El viernes pasado, el secretario de Salud, Jorge Alcocer, dijo que hab\u00eda \u00abindicios de una cuarta ola\u00bb .<\/p>\n\n\n\n<p>En Chihuahua, Coahuila, Sonora y Baja California, entidad con la mayor epidemia activa, se observan repuntes de la epidemia, de acuerdo con las estimaciones del acad\u00e9mico de la FES Acatl\u00e1n de la UNAM, Arturo Erdely.<\/p>\n\n\n\n<p>El doctor en ciencias matem\u00e1ticas a\u00f1adi\u00f3 que la disminuci\u00f3n de contagios se estanc\u00f3 en Ciudad de M\u00e9xico, Guanajuato, Nuevo Le\u00f3n y Oaxaca. Otra se\u00f1al de que M\u00e9xico va hacia una cuarta ola est\u00e1 en el n\u00famero de muertes.<\/p>\n\n\n\n<p>\u201cHay un ligero incremento en la tendencia de defunciones, es algo que de hecho ya alert\u00f3 la Organizaci\u00f3n Panamericana de la Salud\u201d, afirm\u00f3 el epidemi\u00f3logo Andreu Comas.<\/p>\n\n\n\n<p>Esto se empieza a reflejar en el n\u00famero de defunciones, pues a pesar de que cada semana se reportan menos defunciones, dicha reducci\u00f3n cada vez es m\u00e1s peque\u00f1a.<\/p>\n\n\n\n<p>El n\u00famero de defunciones acumuladas en la semana 46, que transcurri\u00f3 del 14 al 20 de noviembre, tuvo un decremento de 9.3 por ciento comparado con la semana previa.<\/p>\n\n\n\n<p>Sin embargo, en la semana 44 (del 31 de octubre al 6 de noviembre) el n\u00famero de muertes represent\u00f3 una reducci\u00f3n de 30.7 por ciento respecto a la semana anterior, seg\u00fan el especialista Comas Garc\u00eda.<\/p>\n\n\n\n<p>(Informaci\u00f3n de \u201cEl Heraldo de M\u00e9xico\u201d)<\/p>\n","protected":false},"excerpt":{"rendered":"<p>Redacci\u00f3n\/Zona Roja. Oaxaca de Ju\u00e1rez, Oax., 22 de noviembre de 2021.- Con un cambio en&hellip;<\/p>\n","protected":false},"author":2,"featured_media":22205,"comment_status":"closed","ping_status":"open","sticky":false,"template":"","format":"standard","meta":{"_lmt_disableupdate":"","_lmt_disable":"","_jetpack_memberships_contains_paid_content":false,"footnotes":""},"categories":[109,47],"tags":[1328],"class_list":["post-34561","post","type-post","status-publish","format-standard","has-post-thumbnail","hentry","category-minuto-a-minuto","category-zona-gris","tag-coronavirus-mexico"],"jetpack_featured_media_url":"https:\/\/zonaroja.com.mx\/wp-content\/uploads\/2021\/01\/Fallecidos-Covid.jpg","jetpack_sharing_enabled":true,"_links":{"self":[{"href":"https:\/\/zonaroja.com.mx\/index.php?rest_route=\/wp\/v2\/posts\/34561","targetHints":{"allow":["GET"]}}],"collection":[{"href":"https:\/\/zonaroja.com.mx\/index.php?rest_route=\/wp\/v2\/posts"}],"about":[{"href":"https:\/\/zonaroja.com.mx\/index.php?rest_route=\/wp\/v2\/types\/post"}],"author":[{"embeddable":true,"href":"https:\/\/zonaroja.com.mx\/index.php?rest_route=\/wp\/v2\/users\/2"}],"replies":[{"embeddable":true,"href":"https:\/\/zonaroja.com.mx\/index.php?rest_route=%2Fwp%2Fv2%2Fcomments&post=34561"}],"version-history":[{"count":1,"href":"https:\/\/zonaroja.com.mx\/index.php?rest_route=\/wp\/v2\/posts\/34561\/revisions"}],"predecessor-version":[{"id":34562,"href":"https:\/\/zonaroja.com.mx\/index.php?rest_route=\/wp\/v2\/posts\/34561\/revisions\/34562"}],"wp:featuredmedia":[{"embeddable":true,"href":"https:\/\/zonaroja.com.mx\/index.php?rest_route=\/wp\/v2\/media\/22205"}],"wp:attachment":[{"href":"https:\/\/zonaroja.com.mx\/index.php?rest_route=%2Fwp%2Fv2%2Fmedia&parent=34561"}],"wp:term":[{"taxonomy":"category","embeddable":true,"href":"https:\/\/zonaroja.com.mx\/index.php?rest_route=%2Fwp%2Fv2%2Fcategories&post=34561"},{"taxonomy":"post_tag","embeddable":true,"href":"https:\/\/zonaroja.com.mx\/index.php?rest_route=%2Fwp%2Fv2%2Ftags&post=34561"}],"curies":[{"name":"wp","href":"https:\/\/api.w.org\/{rel}","templated":true}]}}