{"id":34566,"date":"2021-11-22T08:45:26","date_gmt":"2021-11-22T14:45:26","guid":{"rendered":"http:\/\/www.zonaroja.com.mx\/?p=34566"},"modified":"2021-11-22T08:45:30","modified_gmt":"2021-11-22T14:45:30","slug":"inician-comunidades-campana-en-defensa-de-tierras-y-territorio","status":"publish","type":"post","link":"https:\/\/zonaroja.com.mx\/?p=34566","title":{"rendered":"Inician comunidades campa\u00f1a en defensa de tierras y territorio"},"content":{"rendered":"\n<p>Redacci\u00f3n\/Zona Roja.<\/p>\n\n\n\n<p>En el marco del 111 aniversario de la Revoluci\u00f3n Mexicana, la Asamblea Oaxaque\u00f1a en Defensa de la Tierra y el Territorio, inici\u00f3 una intensa campa\u00f1a para defender tierras de proyectos nacionales e internacionales en la entidad.<\/p>\n\n\n\n<p>\u201cEn todos los rincones del pa\u00eds y de nuestro estado avanzan las grandes obras extractivistas de miner\u00eda, hidroel\u00e9ctricas, agricultura industrial, refiner\u00edas, gasoductos, \u2018fracking\u2019, forestales, privatizaci\u00f3n del agua y la creaci\u00f3n de conjuntos de megaproyectos y pol\u00edticas de estado que atentan contra nuestra libre determinaci\u00f3n y nuestros territorios\u201d, expusieron activistas en un manifiesto.<\/p>\n\n\n\n<p>Explicaron que algunos ya est\u00e1n en operaci\u00f3n y ya han dejado devastaci\u00f3n ambiental, divisi\u00f3n y muerte en nuestras comunidades.<\/p>\n\n\n\n<p>En el Istmo de Tehuantepec se pretende consolidar el anhelado Megaproyecto del Istmo, llamado ahora Corredor Interoce\u00e1nico, que consiste en la modernizaci\u00f3n y ampliaci\u00f3n de las v\u00edas del ferrocarril, carreteras, puertos.<\/p>\n\n\n\n<p>As\u00ed como la instalaci\u00f3n de 10 parques industriales de 500 hect\u00e1reas cada uno atravesando 90 municipios pertenecientes a los estados de Oaxaca, Veracruz, Chiapas y Tabasco, en el que habitan 18 pueblos ind\u00edgenas y originarios.<\/p>\n\n\n\n<p>\u201cHoy en d\u00eda nos vemos amenazados por este megaproyecto que hist\u00f3ricamente ha ambicionado transformar la regi\u00f3n en un corredor industrial, comercial, energ\u00e9tico y militar, para servir de muro de contenci\u00f3n para los hermanos migrantes, convirti\u00e9ndose en la frontera y aduana m\u00e1s importante del mundo, controlada por los grandes capitales.<\/p>\n\n\n\n<p>\u201cEste megaproyecto quiere ser el nudo que articule los \u201cproyectos estrella\u201d de la 4T como el mal llamado Tren Maya, la Refiner\u00eda de Dos Bocas, el Proyecto Integral Morelos, y toda la infraestructura energ\u00e9tica que pretende interconectar estos y m\u00e1s megaproyectos en todo el pa\u00eds para abastecer el consumo energ\u00e9tico de las grandes industrias y&nbsp; los mercados nacionales e internacionales\u201d.<\/p>\n\n\n\n<p>Agregaron que en la regi\u00f3n Valles Centrales, el 2 de septiembre la compa\u00f1\u00eda minera Cuzcatl\u00e1n solicit\u00f3 un nuevo permiso ambiental (MIA-R \u201cactualizaci\u00f3n de obras y actividades\u201d) con el cual pretende justificar 75 obras irregulares, y operar&nbsp; durante 10 a\u00f1os, desde 2021 hasta 2031.<\/p>\n\n\n\n<p>\u201cLa compa\u00f1\u00eda minera filial de la canadiense Fortuna Silver Mines ya no cuenta con un permiso ambiental vigente para la explotaci\u00f3n de&nbsp;su mina de plata y oro en Oaxaca. A partir de la negativa de las comunidades organizadas, se ha generado un clima de mucha tensi\u00f3n en los Valles Centrales, por lo que est\u00e1n en riesgo comunidades zapotecas que se oponen al proyecto minero San Jos\u00e9 y a las concesiones mineras otorgadas por el gobierno federal en los Valles Centrales de Oaxaca\u201d.<\/p>\n\n\n\n<p>Explicaron que los \u201cgrupos antimineros\u201d de los que hace menci\u00f3n la empresa, son autoridades locales (municipales y agrarias), quienes se han organizado a trav\u00e9s del Frente No a la Miner\u00eda, con la finalidad de defender nuestros derechos como Pueblos Ind\u00edgenas: al territorio, a un medio ambiente sano, a la participaci\u00f3n ciudadana y la libre determinaci\u00f3n.<\/p>\n\n\n\n<p>En la Sierra Sur de Oaxaca, asambleas y autoridades comunitarias se est\u00e1n organizando contra las concesiones mineras de 120 mil hect\u00e1reas que entregaron los gobiernos a las empresas sin informar ni consultar a nuestros pueblos.<\/p>\n\n\n\n<p>En el caso del megaproyecto hidroel\u00e9ctrico en Paso de la Reyna en la regi\u00f3n Costa, expresaron su solidaridad y exigencia de justicia por los cinco defensores asesinados en 2021 y denunciaron que hasta el momento no existe ning\u00fan avance en las investigaciones ni en materia de seguridad.<\/p>\n\n\n\n<p>\u201cTodos estos megaproyectos se empezaron a imponer mediante concesiones sin consulta,&nbsp;consultas fraudulentas, compra de autoridades, contubernio del crimen organizado, militarizaci\u00f3n y asesinatos de defensores de la tierra y el territorio.<\/p>\n\n\n\n<p>\u201cPara lograrlo, dividen a nuestras comunidades, se violan todos los derechos humanos y ambientales y se pisotean flagrantemente los derechos colectivos de los Pueblos Ind\u00edgenas consagrados en los tratados internacionales\u201d.<\/p>\n\n\n\n<p>Por ello, indicaron, cuando los Pueblos se organizaron para resistir y defender territorios y con ellos nuestra existencia misma, \u201cse nos criminaliza, se nos difama, minimiza, amenaza, persigue y asesina\u201d.&nbsp;<\/p>\n\n\n\n<p>\u201cPero nosotros estamos en pie de lucha en todos nuestros territorios con una gran diversidad de acciones organizativas, culturales, educativas, pol\u00edticas, de rebeld\u00eda y de resistencia que dan esperanza. No permitiremos que contin\u00fae la destrucci\u00f3n de nuestro tejido comunitario y de nuestros bienes naturales, el desplazamiento de pueblos enteros, las fosas clandestinas y el eterno aumento de la pobreza\u201d.&nbsp;&nbsp;<\/p>\n\n\n\n<p>Se pronunciaron a favor de defender y definir el manejo de sus bienes naturales (maderables, minerales, agua, herbolarias, producci\u00f3n alimentaria, etc.) poniendo en el centro de la vida los saberes comunitarios que de forma ancestral han estado vinculados al territorio para ir transformando de acuerdo con su propia manera y en sus propios tiempos, como muchas generaciones lo han hecho.<\/p>\n\n\n\n<p>\u201cNo permitiremos que se sigan violentando al igual como nuestra madre tierra. Exigimos un alto al alarmante aumento de los feminicidios y la violencia contra las mujeres en nuestro estado y nuestro pa\u00eds que se dan en el mismo contexto de violencia generalizada del sistema capitalista patriarcal que pretende someternos con sus proyectos de muerte\u201d, recalcaron.<\/p>\n","protected":false},"excerpt":{"rendered":"<p>Redacci\u00f3n\/Zona Roja. En el marco del 111 aniversario de la Revoluci\u00f3n Mexicana, la Asamblea Oaxaque\u00f1a&hellip;<\/p>\n","protected":false},"author":2,"featured_media":34567,"comment_status":"closed","ping_status":"open","sticky":false,"template":"","format":"standard","meta":{"_lmt_disableupdate":"","_lmt_disable":"","_jetpack_memberships_contains_paid_content":false,"footnotes":""},"categories":[109,47],"tags":[],"class_list":["post-34566","post","type-post","status-publish","format-standard","has-post-thumbnail","hentry","category-minuto-a-minuto","category-zona-gris"],"jetpack_featured_media_url":"https:\/\/zonaroja.com.mx\/wp-content\/uploads\/2021\/11\/Asamblea-Oaxacaquena-en-Defensa-de-la-Tierra.jpg","jetpack_sharing_enabled":true,"_links":{"self":[{"href":"https:\/\/zonaroja.com.mx\/index.php?rest_route=\/wp\/v2\/posts\/34566","targetHints":{"allow":["GET"]}}],"collection":[{"href":"https:\/\/zonaroja.com.mx\/index.php?rest_route=\/wp\/v2\/posts"}],"about":[{"href":"https:\/\/zonaroja.com.mx\/index.php?rest_route=\/wp\/v2\/types\/post"}],"author":[{"embeddable":true,"href":"https:\/\/zonaroja.com.mx\/index.php?rest_route=\/wp\/v2\/users\/2"}],"replies":[{"embeddable":true,"href":"https:\/\/zonaroja.com.mx\/index.php?rest_route=%2Fwp%2Fv2%2Fcomments&post=34566"}],"version-history":[{"count":1,"href":"https:\/\/zonaroja.com.mx\/index.php?rest_route=\/wp\/v2\/posts\/34566\/revisions"}],"predecessor-version":[{"id":34568,"href":"https:\/\/zonaroja.com.mx\/index.php?rest_route=\/wp\/v2\/posts\/34566\/revisions\/34568"}],"wp:featuredmedia":[{"embeddable":true,"href":"https:\/\/zonaroja.com.mx\/index.php?rest_route=\/wp\/v2\/media\/34567"}],"wp:attachment":[{"href":"https:\/\/zonaroja.com.mx\/index.php?rest_route=%2Fwp%2Fv2%2Fmedia&parent=34566"}],"wp:term":[{"taxonomy":"category","embeddable":true,"href":"https:\/\/zonaroja.com.mx\/index.php?rest_route=%2Fwp%2Fv2%2Fcategories&post=34566"},{"taxonomy":"post_tag","embeddable":true,"href":"https:\/\/zonaroja.com.mx\/index.php?rest_route=%2Fwp%2Fv2%2Ftags&post=34566"}],"curies":[{"name":"wp","href":"https:\/\/api.w.org\/{rel}","templated":true}]}}