{"id":34570,"date":"2021-11-22T14:25:26","date_gmt":"2021-11-22T20:25:26","guid":{"rendered":"https:\/\/www.zonaroja.com.mx\/?p=34570"},"modified":"2021-11-22T14:25:30","modified_gmt":"2021-11-22T20:25:30","slug":"confirma-la-fiscalia-de-oaxaca-segunda-orden-de-aprehension-contra-gustavo-d-s","status":"publish","type":"post","link":"https:\/\/zonaroja.com.mx\/?p=34570","title":{"rendered":"Confirma la Fiscal\u00eda de Oaxaca segunda orden de aprehensi\u00f3n contra Gustavo D. S."},"content":{"rendered":"\n<p>Redacci\u00f3n\/Zona Roja. <\/p>\n\n\n\n<p>Oaxaca de Ju\u00e1rez, Oax., 22 de noviembre de 2021.-&nbsp;La Fiscal\u00eda General del Estado de Oaxaca (FGEO) dio cumplimiento a una segunda orden de aprehensi\u00f3n y obtuvo auto de vinculaci\u00f3n a proceso contra la persona del sexo masculino identificada como G. D. S., alias \u201cEl Gato\u201d.<\/p>\n\n\n\n<p>En un comunicado, inform\u00f3 que es por su probable responsabilidad en el delito de homicidio calificado en agravio de dos personas, una del sexo femenino y otra del masculino, cometidos en la regi\u00f3n de la Cuenca del Papaloapan.<\/p>\n\n\n\n<p>Detall\u00f3 el logro, pues \u201cen menos de 24 horas, la FGEO obtuvo dos autos de vinculaci\u00f3n a proceso contra el imputado@<\/p>\n\n\n\n<p>La Fiscal\u00eda General ejecut\u00f3 la orden de aprehensi\u00f3n asentada en la causa penal 286\/2021, cuando el probable responsable estaba recluido en el Centro Federal de Readaptaci\u00f3n Social del municipio de Buenavista Tomatl\u00e1n, en el estado de Michoac\u00e1n, entidad en la que permanecer\u00e1 y afrontar\u00e1 este proceso legal.<\/p>\n\n\n\n<p>Por estos hechos y gracias a la exhaustiva labor de investigaci\u00f3n de la Vicefiscal\u00eda Regional de la Cuenca,&nbsp;este lunes, el Juez de Control dict\u00f3 auto de vinculaci\u00f3n a proceso contra el probable homicida, otorgando un mes y medio para el cierre de investigaci\u00f3n complementaria.<\/p>\n\n\n\n<p>\u201cCon esta nueva acci\u00f3n, suman dos procesos penales radicados en la Fiscal\u00eda General del Estado de Oaxaca en contra de G. D. S., alias \u201cEl Gato\u201d, ambos por los delitos de homicidio\u201d, expuso. <\/p>\n","protected":false},"excerpt":{"rendered":"<p>Redacci\u00f3n\/Zona Roja. Oaxaca de Ju\u00e1rez, Oax., 22 de noviembre de 2021.-&nbsp;La Fiscal\u00eda General del Estado&hellip;<\/p>\n","protected":false},"author":2,"featured_media":34569,"comment_status":"closed","ping_status":"open","sticky":false,"template":"","format":"standard","meta":{"_lmt_disableupdate":"","_lmt_disable":"","_jetpack_memberships_contains_paid_content":false,"footnotes":""},"categories":[109,47],"tags":[671],"class_list":["post-34570","post","type-post","status-publish","format-standard","has-post-thumbnail","hentry","category-minuto-a-minuto","category-zona-gris","tag-gustavo-diaz-sanchez"],"jetpack_featured_media_url":"https:\/\/zonaroja.com.mx\/wp-content\/uploads\/2021\/11\/098992a2-72dc-4551-95ad-8005a517c315.jpg","jetpack_sharing_enabled":true,"_links":{"self":[{"href":"https:\/\/zonaroja.com.mx\/index.php?rest_route=\/wp\/v2\/posts\/34570","targetHints":{"allow":["GET"]}}],"collection":[{"href":"https:\/\/zonaroja.com.mx\/index.php?rest_route=\/wp\/v2\/posts"}],"about":[{"href":"https:\/\/zonaroja.com.mx\/index.php?rest_route=\/wp\/v2\/types\/post"}],"author":[{"embeddable":true,"href":"https:\/\/zonaroja.com.mx\/index.php?rest_route=\/wp\/v2\/users\/2"}],"replies":[{"embeddable":true,"href":"https:\/\/zonaroja.com.mx\/index.php?rest_route=%2Fwp%2Fv2%2Fcomments&post=34570"}],"version-history":[{"count":1,"href":"https:\/\/zonaroja.com.mx\/index.php?rest_route=\/wp\/v2\/posts\/34570\/revisions"}],"predecessor-version":[{"id":34571,"href":"https:\/\/zonaroja.com.mx\/index.php?rest_route=\/wp\/v2\/posts\/34570\/revisions\/34571"}],"wp:featuredmedia":[{"embeddable":true,"href":"https:\/\/zonaroja.com.mx\/index.php?rest_route=\/wp\/v2\/media\/34569"}],"wp:attachment":[{"href":"https:\/\/zonaroja.com.mx\/index.php?rest_route=%2Fwp%2Fv2%2Fmedia&parent=34570"}],"wp:term":[{"taxonomy":"category","embeddable":true,"href":"https:\/\/zonaroja.com.mx\/index.php?rest_route=%2Fwp%2Fv2%2Fcategories&post=34570"},{"taxonomy":"post_tag","embeddable":true,"href":"https:\/\/zonaroja.com.mx\/index.php?rest_route=%2Fwp%2Fv2%2Ftags&post=34570"}],"curies":[{"name":"wp","href":"https:\/\/api.w.org\/{rel}","templated":true}]}}