{"id":34575,"date":"2021-11-22T19:04:56","date_gmt":"2021-11-23T01:04:56","guid":{"rendered":"http:\/\/www.zonaroja.com.mx\/?p=34575"},"modified":"2021-11-22T19:05:01","modified_gmt":"2021-11-23T01:05:01","slug":"oaxaca-segundo-estado-mas-rezagado-en-aplicacion-de-vacuna-contra-covid","status":"publish","type":"post","link":"https:\/\/zonaroja.com.mx\/?p=34575","title":{"rendered":"Oaxaca, segundo estado m\u00e1s rezagado en aplicaci\u00f3n de vacuna contra Covid"},"content":{"rendered":"\n<p>Redacci\u00f3n\/Zona Roja.<\/p>\n\n\n\n<p>Oaxaca de Ju\u00e1rez, Oax., 22 de noviembre de 2021.- Oaxaca es la segunda entidad de la Rep\u00fablica Mexicana con mayor rezago en la aplicaci\u00f3n de la vacuna contra el Covid-19.<\/p>\n\n\n\n<p>De acuerdo con datos de la Secretar\u00eda de Salud federal, son 14 estados del pa\u00eds que se mantienen a la zaga en el suministro del inmunol\u00f3gico. En M\u00e9xico, a la fecha se han inmunizado a 75.8 millones de personas, que han recibido al menos una dosis.<\/p>\n\n\n\n<p>Chiapas tiene la menor cobertura con 61 por ciento, mientras Oaxaca est\u00e1 en 70%; Guerrero, 71% y Veracruz, 74%.<\/p>\n\n\n\n<p>El promedio en el pa\u00eds es de 85 por ciento de la poblaci\u00f3n adulta que ha recibido al menos una vacuna contra el SARS-CoV-2.<\/p>\n\n\n\n<p>Las otras entidades rezagadas son Jalisco, Nayarit, Colima, Morelos, Sonora, Campeche, Michoac\u00e1n, Chihuahua, Durango y Tlaxcala.<\/p>\n\n\n\n<p>Ayer, los Servicios de Salud de Oaxaca informaron que durante los \u00faltimos siete d\u00edas, se aplicaron siete mil 944 dosis de la farmac\u00e9utica Pfizer-BioNTech en la regi\u00f3n Valles Centrales, a poblaci\u00f3n mayor de 18 a\u00f1os y tambi\u00e9n para adolescentes de 12 a 17 a\u00f1os con comorbilidades espec\u00edficas.<\/p>\n\n\n\n<p>Hasta este domingo, la entidad registraba 82 mil 774 casos positivos a Covid-19, as\u00ed como cinco mil 567 defunciones.<\/p>\n","protected":false},"excerpt":{"rendered":"<p>Redacci\u00f3n\/Zona Roja. Oaxaca de Ju\u00e1rez, Oax., 22 de noviembre de 2021.- Oaxaca es la segunda&hellip;<\/p>\n","protected":false},"author":2,"featured_media":26522,"comment_status":"closed","ping_status":"open","sticky":false,"template":"","format":"standard","meta":{"_lmt_disableupdate":"","_lmt_disable":"","_jetpack_memberships_contains_paid_content":false,"footnotes":""},"categories":[109,47],"tags":[1512],"class_list":["post-34575","post","type-post","status-publish","format-standard","has-post-thumbnail","hentry","category-minuto-a-minuto","category-zona-gris","tag-coronavirus-oaxaca"],"jetpack_featured_media_url":"https:\/\/zonaroja.com.mx\/wp-content\/uploads\/2021\/04\/Vacunados-contra-Covid.jpg","jetpack_sharing_enabled":true,"_links":{"self":[{"href":"https:\/\/zonaroja.com.mx\/index.php?rest_route=\/wp\/v2\/posts\/34575","targetHints":{"allow":["GET"]}}],"collection":[{"href":"https:\/\/zonaroja.com.mx\/index.php?rest_route=\/wp\/v2\/posts"}],"about":[{"href":"https:\/\/zonaroja.com.mx\/index.php?rest_route=\/wp\/v2\/types\/post"}],"author":[{"embeddable":true,"href":"https:\/\/zonaroja.com.mx\/index.php?rest_route=\/wp\/v2\/users\/2"}],"replies":[{"embeddable":true,"href":"https:\/\/zonaroja.com.mx\/index.php?rest_route=%2Fwp%2Fv2%2Fcomments&post=34575"}],"version-history":[{"count":1,"href":"https:\/\/zonaroja.com.mx\/index.php?rest_route=\/wp\/v2\/posts\/34575\/revisions"}],"predecessor-version":[{"id":34576,"href":"https:\/\/zonaroja.com.mx\/index.php?rest_route=\/wp\/v2\/posts\/34575\/revisions\/34576"}],"wp:featuredmedia":[{"embeddable":true,"href":"https:\/\/zonaroja.com.mx\/index.php?rest_route=\/wp\/v2\/media\/26522"}],"wp:attachment":[{"href":"https:\/\/zonaroja.com.mx\/index.php?rest_route=%2Fwp%2Fv2%2Fmedia&parent=34575"}],"wp:term":[{"taxonomy":"category","embeddable":true,"href":"https:\/\/zonaroja.com.mx\/index.php?rest_route=%2Fwp%2Fv2%2Fcategories&post=34575"},{"taxonomy":"post_tag","embeddable":true,"href":"https:\/\/zonaroja.com.mx\/index.php?rest_route=%2Fwp%2Fv2%2Ftags&post=34575"}],"curies":[{"name":"wp","href":"https:\/\/api.w.org\/{rel}","templated":true}]}}