{"id":34577,"date":"2021-11-22T20:31:29","date_gmt":"2021-11-23T02:31:29","guid":{"rendered":"http:\/\/www.zonaroja.com.mx\/?p=34577"},"modified":"2021-11-22T20:31:34","modified_gmt":"2021-11-23T02:31:34","slug":"libre-unico-detenido-por-caso-de-fotoperiodista-maria-del-sol-inicia-investigacion-de-cero","status":"publish","type":"post","link":"https:\/\/zonaroja.com.mx\/?p=34577","title":{"rendered":"Libre, \u00fanico detenido por caso de fotoperiodista Mar\u00eda del Sol; inicia investigaci\u00f3n de cero"},"content":{"rendered":"\n<p>Yuridiana Sosa\/Zona Roja.<\/p>\n\n\n\n<p>Oaxaca de Ju\u00e1rez, Oax., 22 de noviembre de 2021.- La Fiscal\u00eda General del Estado de Oaxaca abrir\u00e1 de cero una investigaci\u00f3n por el feminicidio de la fotoperiodista Mar\u00eda del Sol Cruz Jarqu\u00edn, asesinada en junio de 2018, y dos personas m\u00e1s, pues la fiscal\u00eda a cargo de Rub\u00e9n Vasconcelos perdi\u00f3 pruebas y mutil\u00f3 el expediente.<\/p>\n\n\n\n<p>La periodista, defensora y madre de la v\u00edctima, Soledad Jarqu\u00edn, se\u00f1al\u00f3 en conferencia de prensa que, a m\u00e1s de tres a\u00f1os del crimen ocurrido en Juchit\u00e1n de Zaragoza, no existen detenidos ni una investigaci\u00f3n s\u00f3lida para alcanzar justicia, misma que fue obstaculizada dolosamente por el ex fiscal y ahora secretario de Bienestar de Oaxaca.<\/p>\n\n\n\n<p>Acompa\u00f1ada de abogadas, la periodista indic\u00f3 que recientemente con la nueva administraci\u00f3n de la Fiscal\u00eda de Oaxaca, a cargo de Arturo Peimbert Calvo, tuvieron acceso a las Carpetas de Investigaci\u00f3n y constataron fallas garrafales, como la extracci\u00f3n de documentos, p\u00e9rdida de pruebas y hasta documentos integrados que no corresponden al caso.<\/p>\n\n\n\n<p>Ante esa situaci\u00f3n, la Fiscal\u00eda General decidi\u00f3 abrir una nueva Carpeta de Investigaci\u00f3n, apunt\u00f3 Soledad Jarqu\u00edn; lament\u00f3 que haya quedado hoy en libertad J. E. H. C., quien era el \u00fanico detenido por el caso.<\/p>\n\n\n\n<p>Por la negligencia de Vasconcelos M\u00e9ndez, las defensoras exigieron al gobernador Alejandro Murat la destituci\u00f3n inmediata del ex fiscal en el cargo que ocupa desde mayo de este a\u00f1o, y de esta forma demuestre que no es c\u00f3mplice de la injusticia para las familias v\u00edctimas de feminicidio.<\/p>\n\n\n\n<figure class=\"wp-block-embed is-type-rich is-provider-twitter wp-block-embed-twitter\"><div class=\"wp-block-embed__wrapper\">\n<div class=\"twitter-tweet\"><blockquote class=\"twitter-tweet\" data-lang=\"es\"><p lang=\"es\" dir=\"ltr\"><a href=\"https:\/\/twitter.com\/hashtag\/%C3%9AltimoMinuto?src=hash&amp;ref_src=twsrc%5Etfw\">#\u00daltimoMinuto<\/a><br>2. La Carpeta de Investigaci\u00f3n ten\u00eda fallas garrafales cometidas por la <a href=\"https:\/\/twitter.com\/FISCALIA_GobOax?ref_src=twsrc%5Etfw\">@FISCALIA_GobOax<\/a>, como la extracci\u00f3n de documentos y no hubo cuidado en la preservaci\u00f3n de las pruebas; se detectaron cadenas de custodia rotas, agreg\u00f3 <a href=\"https:\/\/twitter.com\/jarquinedgar?ref_src=twsrc%5Etfw\">@jarquinedgar<\/a>. <a href=\"https:\/\/t.co\/geL42MFMdW\">pic.twitter.com\/geL42MFMdW<\/a><\/p>&mdash; Zona Roja Oaxaca (@Zona_Roja_Oax) <a href=\"https:\/\/twitter.com\/Zona_Roja_Oax\/status\/1462954564198359045?ref_src=twsrc%5Etfw\">23 de noviembre de 2021<\/a><\/blockquote><\/div>\n<\/div><\/figure>\n\n\n\n<p>Soledad Jarqu\u00edn y abogadas recordaron la obstaculizaci\u00f3n sistem\u00e1tica que exist\u00eda en la Fiscal\u00eda a cargo de Vasconcelos M\u00e9ndez para que este caso avanzara, as\u00ed como sufrieron la denostaci\u00f3n de las investigaciones particulares y acciones contra la lucha colectiva en busca de justicia.<\/p>\n\n\n\n<p>M\u00daLTIPLES ERRORES<\/p>\n\n\n\n<p>\u201c\u2026los errores existentes en la investigaci\u00f3n van desde falta de cuidado y conservaci\u00f3n de las pruebas hasta fabricaci\u00f3n de testigos, los cuales impactan a tal magnitud de que no se cuenta con pruebas suficientes para comprobar ante los jueces la responsabilidad del acusado de iniciales J.E.H.C., lo cual no significa que sea inocente, sino falta de prueba por parte de la instituci\u00f3n ministerial\u201d, dijo al citar un p\u00e1rrafo del desestimiento parcial que present\u00f3 la Fiscal\u00eda General del Estado de Oaxaca durante la audiencia de debate realizada hoy en los juzgados de Tanivet, Tlacolula.<\/p>\n\n\n\n<p>Por su parte, Y\u00e9sica S\u00e1nchez Maya, miembro del equipo directivo de Consorcio Oaxaca, se\u00f1al\u00f3 que en los \u00faltimos tres a\u00f1os y medio la Fiscal\u00eda de Rub\u00e9n Vasconcelos M\u00e9ndez obstaculiz\u00f3 el cotejo del expediente. \u201cEn preparaci\u00f3n para la audiencia de debate realizada hoy, hasta ahora lo pudimos hacer\u201d. <\/p>\n\n\n\n<p>Ello revela que la obstaculizaci\u00f3n ten\u00eda un trasfondo y que la Fiscal\u00eda General del estado construy\u00f3 un andamiaje profundo de impunidad.<\/p>\n\n\n\n<p>Agreg\u00f3 que la Fiscal\u00eda no se pronunci\u00f3 sobre la impunidad en un proceso en el que todo est\u00e1 mal hecho. En referencia al hoy liberado J.E.H.C, indic\u00f3 que, de acuerdo a lo expuesto hoy por la Fiscal\u00eda en el Tribunal de Enjuiciamiento, no era sostenible tenerlo en la c\u00e1rcel, \u201clo cual no significa que sea inocente\u201d.<\/p>\n\n\n\n<p>Tras responsabilizar a Rub\u00e9n Vasconcelos sobre cualquier atentado contra Soledad Jarqu\u00edn y su familia, la tambi\u00e9n abogada feminista y defensora de derechos humanos, se\u00f1al\u00f3 que la forma en que se conduce Rub\u00e9n Vasconcelos es evidentemente corrupta, porque teji\u00f3 todo un andamiaje de funcionarios para permear de impunidad a todos los asesinos materiales e intelectuales del caso Mar\u00eda del Sol.<\/p>\n\n\n\n<figure class=\"wp-block-embed is-type-rich is-provider-twitter wp-block-embed-twitter\"><div class=\"wp-block-embed__wrapper\">\n<div class=\"twitter-tweet\"><blockquote class=\"twitter-tweet\" data-lang=\"es\"><p lang=\"es\" dir=\"ltr\"><a href=\"https:\/\/twitter.com\/hashtag\/%C3%9AltimoMinuto?src=hash&amp;ref_src=twsrc%5Etfw\">#\u00daltimoMinuto<\/a><br>Y 4. La representante de <a href=\"https:\/\/twitter.com\/consorciooaxaca?ref_src=twsrc%5Etfw\">@consorciooaxaca<\/a>, <a href=\"https:\/\/twitter.com\/YesicaS53127681?ref_src=twsrc%5Etfw\">@YesicaS53127681<\/a>, expuso que Soledad Jarqu\u00edn sigue vulnerable en su seguridad, ante las reiteradas denuncias y exigencias de justicia; ex fiscal <a href=\"https:\/\/twitter.com\/RVasconcelosM?ref_src=twsrc%5Etfw\">@RVasconcelosM<\/a> le retir\u00f3 custodia. <a href=\"https:\/\/t.co\/MnFd0OGnP6\">pic.twitter.com\/MnFd0OGnP6<\/a><\/p>&mdash; Zona Roja Oaxaca (@Zona_Roja_Oax) <a href=\"https:\/\/twitter.com\/Zona_Roja_Oax\/status\/1462946594261663744?ref_src=twsrc%5Etfw\">23 de noviembre de 2021<\/a><\/blockquote><\/div>\n<\/div><\/figure>\n","protected":false},"excerpt":{"rendered":"<p>Yuridiana Sosa\/Zona Roja. Oaxaca de Ju\u00e1rez, Oax., 22 de noviembre de 2021.- La Fiscal\u00eda General&hellip;<\/p>\n","protected":false},"author":2,"featured_media":34578,"comment_status":"closed","ping_status":"open","sticky":false,"template":"","format":"standard","meta":{"_lmt_disableupdate":"","_lmt_disable":"","_jetpack_memberships_contains_paid_content":false,"footnotes":""},"categories":[109,47],"tags":[1059],"class_list":["post-34577","post","type-post","status-publish","format-standard","has-post-thumbnail","hentry","category-minuto-a-minuto","category-zona-gris","tag-maria-del-sol-cruz-jarquin"],"jetpack_featured_media_url":"https:\/\/zonaroja.com.mx\/wp-content\/uploads\/2021\/11\/Soledad-Jarquin-conferencia-caso-Sol.jpg","jetpack_sharing_enabled":true,"_links":{"self":[{"href":"https:\/\/zonaroja.com.mx\/index.php?rest_route=\/wp\/v2\/posts\/34577","targetHints":{"allow":["GET"]}}],"collection":[{"href":"https:\/\/zonaroja.com.mx\/index.php?rest_route=\/wp\/v2\/posts"}],"about":[{"href":"https:\/\/zonaroja.com.mx\/index.php?rest_route=\/wp\/v2\/types\/post"}],"author":[{"embeddable":true,"href":"https:\/\/zonaroja.com.mx\/index.php?rest_route=\/wp\/v2\/users\/2"}],"replies":[{"embeddable":true,"href":"https:\/\/zonaroja.com.mx\/index.php?rest_route=%2Fwp%2Fv2%2Fcomments&post=34577"}],"version-history":[{"count":1,"href":"https:\/\/zonaroja.com.mx\/index.php?rest_route=\/wp\/v2\/posts\/34577\/revisions"}],"predecessor-version":[{"id":34579,"href":"https:\/\/zonaroja.com.mx\/index.php?rest_route=\/wp\/v2\/posts\/34577\/revisions\/34579"}],"wp:featuredmedia":[{"embeddable":true,"href":"https:\/\/zonaroja.com.mx\/index.php?rest_route=\/wp\/v2\/media\/34578"}],"wp:attachment":[{"href":"https:\/\/zonaroja.com.mx\/index.php?rest_route=%2Fwp%2Fv2%2Fmedia&parent=34577"}],"wp:term":[{"taxonomy":"category","embeddable":true,"href":"https:\/\/zonaroja.com.mx\/index.php?rest_route=%2Fwp%2Fv2%2Fcategories&post=34577"},{"taxonomy":"post_tag","embeddable":true,"href":"https:\/\/zonaroja.com.mx\/index.php?rest_route=%2Fwp%2Fv2%2Ftags&post=34577"}],"curies":[{"name":"wp","href":"https:\/\/api.w.org\/{rel}","templated":true}]}}