{"id":34580,"date":"2021-11-22T21:31:47","date_gmt":"2021-11-23T03:31:47","guid":{"rendered":"http:\/\/www.zonaroja.com.mx\/?p=34580"},"modified":"2021-11-22T21:31:51","modified_gmt":"2021-11-23T03:31:51","slug":"aumenta-a-6-el-numero-de-muertos-por-accidente-carretero-en-oaxaca","status":"publish","type":"post","link":"https:\/\/zonaroja.com.mx\/?p=34580","title":{"rendered":"Aumenta a 6 el n\u00famero de muertos por accidente carretero en Oaxaca"},"content":{"rendered":"\n<p>Redacci\u00f3n\/Zona Roja.<\/p>\n\n\n\n<p>Oaxaca de Ju\u00e1rez, Oax., 22 de noviembre de 2021.- A seis ascendi\u00f3 el n\u00famero de personas fallecidas, todas en un taxi, por un accidente carretero ocurrido este mediod\u00eda en la v\u00eda federal 200, jurisdicci\u00f3n de Santo Domingo Tehuantepec, Oaxaca.<\/p>\n\n\n\n<p>Un tr\u00e1iler presuntamente arroll\u00f3 y aplast\u00f3 a una unidad de alquiler del sitio \u201cEjido Morro Mazat\u00e1n\u201d, de la misma localidad, con n\u00famero econ\u00f3mico 15-022 y placas de circulaci\u00f3n 3650-SJC.<\/p>\n\n\n\n<p>Los hechos ocurrieron en la carretera federal 200, Salina Cruz-Pinotepa, a la altura del kil\u00f3metro 375+900, cerca del acceso a Morro Mazat\u00e1n; cinco personas perdieron la vida en el lugar y una m\u00e1s en un nosocomio de Salina Cruz; tres son mujeres.<\/p>\n\n\n\n<p>La unidad de motor pesada era una pipa de transporte de combustibles, de la empresa Mochis S. A. de C. V., cuyo conductor huy\u00f3 de la escena del percance.<\/p>\n\n\n\n<figure class=\"wp-block-embed is-type-rich is-provider-twitter wp-block-embed-twitter\"><div class=\"wp-block-embed__wrapper\">\n<div class=\"twitter-tweet\"><blockquote class=\"twitter-tweet\" data-lang=\"es\"><p lang=\"es\" dir=\"ltr\"><a href=\"https:\/\/twitter.com\/hashtag\/%C3%9AltimoMinuto?src=hash&amp;ref_src=twsrc%5Etfw\">#\u00daltimoMinuto<\/a> <br>Varias personas perdieron la vida esta ma\u00f1ana a causa de un accidente vehicular entre un taxi y un tr\u00e1iler, en la v\u00eda federal 200 Salina Cruz-Pinotepa, a la altura de Morro Mazat\u00e1n, Tehuantepec. <a href=\"https:\/\/t.co\/JtRYeiOPYX\">pic.twitter.com\/JtRYeiOPYX<\/a><\/p>&mdash; Zona Roja Oaxaca (@Zona_Roja_Oax) <a href=\"https:\/\/twitter.com\/Zona_Roja_Oax\/status\/1462852429565804547?ref_src=twsrc%5Etfw\">22 de noviembre de 2021<\/a><\/blockquote><\/div>\n<\/div><\/figure>\n","protected":false},"excerpt":{"rendered":"<p>Redacci\u00f3n\/Zona Roja. Oaxaca de Ju\u00e1rez, Oax., 22 de noviembre de 2021.- A seis ascendi\u00f3 el&hellip;<\/p>\n","protected":false},"author":2,"featured_media":34581,"comment_status":"closed","ping_status":"open","sticky":false,"template":"","format":"standard","meta":{"_lmt_disableupdate":"","_lmt_disable":"","_jetpack_memberships_contains_paid_content":false,"footnotes":""},"categories":[109,47],"tags":[],"class_list":["post-34580","post","type-post","status-publish","format-standard","has-post-thumbnail","hentry","category-minuto-a-minuto","category-zona-gris"],"jetpack_featured_media_url":"https:\/\/zonaroja.com.mx\/wp-content\/uploads\/2021\/11\/Accidente-carretero-Morro-Mazatan.jpg","jetpack_sharing_enabled":true,"_links":{"self":[{"href":"https:\/\/zonaroja.com.mx\/index.php?rest_route=\/wp\/v2\/posts\/34580","targetHints":{"allow":["GET"]}}],"collection":[{"href":"https:\/\/zonaroja.com.mx\/index.php?rest_route=\/wp\/v2\/posts"}],"about":[{"href":"https:\/\/zonaroja.com.mx\/index.php?rest_route=\/wp\/v2\/types\/post"}],"author":[{"embeddable":true,"href":"https:\/\/zonaroja.com.mx\/index.php?rest_route=\/wp\/v2\/users\/2"}],"replies":[{"embeddable":true,"href":"https:\/\/zonaroja.com.mx\/index.php?rest_route=%2Fwp%2Fv2%2Fcomments&post=34580"}],"version-history":[{"count":1,"href":"https:\/\/zonaroja.com.mx\/index.php?rest_route=\/wp\/v2\/posts\/34580\/revisions"}],"predecessor-version":[{"id":34582,"href":"https:\/\/zonaroja.com.mx\/index.php?rest_route=\/wp\/v2\/posts\/34580\/revisions\/34582"}],"wp:featuredmedia":[{"embeddable":true,"href":"https:\/\/zonaroja.com.mx\/index.php?rest_route=\/wp\/v2\/media\/34581"}],"wp:attachment":[{"href":"https:\/\/zonaroja.com.mx\/index.php?rest_route=%2Fwp%2Fv2%2Fmedia&parent=34580"}],"wp:term":[{"taxonomy":"category","embeddable":true,"href":"https:\/\/zonaroja.com.mx\/index.php?rest_route=%2Fwp%2Fv2%2Fcategories&post=34580"},{"taxonomy":"post_tag","embeddable":true,"href":"https:\/\/zonaroja.com.mx\/index.php?rest_route=%2Fwp%2Fv2%2Ftags&post=34580"}],"curies":[{"name":"wp","href":"https:\/\/api.w.org\/{rel}","templated":true}]}}