{"id":34586,"date":"2021-11-22T22:24:39","date_gmt":"2021-11-23T04:24:39","guid":{"rendered":"http:\/\/www.zonaroja.com.mx\/?p=34586"},"modified":"2021-11-22T22:24:43","modified_gmt":"2021-11-23T04:24:43","slug":"confirma-la-fiscalia-un-muerto-por-enfrentamiento-entre-los-mitlatongo","status":"publish","type":"post","link":"https:\/\/zonaroja.com.mx\/?p=34586","title":{"rendered":"Confirma la Fiscal\u00eda un muerto por enfrentamiento entre los Mitlatongo"},"content":{"rendered":"\n<p>Redacci\u00f3n\/Zona Roja.<\/p>\n\n\n\n<p>Oaxaca de Ju\u00e1rez, Oax., 22 de noviembre de 2021.- La Fiscal\u00eda General del Estado de Oaxaca (FGEO) confirm\u00f3 que una persona perdi\u00f3 la vida por disparos de arma de fuego, en presunto enfrentamiento entre Santa Cruz y Santiago Mitlatongo.<\/p>\n\n\n\n<p>Los hechos ocurrieron la ma\u00f1ana de este lunes, en que presuntamente Santiago atac\u00f3 con armas de fuego a campesinos de Santa Cruz.<\/p>\n\n\n\n<p>Por los hechos, la Fiscal\u00eda inform\u00f3 que inici\u00f3 la Carpeta de Investigaci\u00f3n correspondiente y despleg\u00f3 adem\u00e1s personal pericial, agentes del Ministerio P\u00fablico y elementos de la Agencia Estatal de Investigaciones, para realizar las indagatorias respectivas.<\/p>\n\n\n\n<p>Ambos pueblos, pertenecientes a la regi\u00f3n Mixteca del estado, mantienen una a\u00f1eja disputa por l\u00edmites de tierra.<\/p>\n","protected":false},"excerpt":{"rendered":"<p>Redacci\u00f3n\/Zona Roja. Oaxaca de Ju\u00e1rez, Oax., 22 de noviembre de 2021.- La Fiscal\u00eda General del&hellip;<\/p>\n","protected":false},"author":2,"featured_media":34587,"comment_status":"closed","ping_status":"open","sticky":false,"template":"","format":"standard","meta":{"_lmt_disableupdate":"","_lmt_disable":"","_jetpack_memberships_contains_paid_content":false,"footnotes":""},"categories":[109,51],"tags":[1667],"class_list":["post-34586","post","type-post","status-publish","format-standard","has-post-thumbnail","hentry","category-minuto-a-minuto","category-zona-roja","tag-santa-cruz-mitlatongo"],"jetpack_featured_media_url":"https:\/\/zonaroja.com.mx\/wp-content\/uploads\/2021\/11\/Asesinato-Mitlatongo.jpg","jetpack_sharing_enabled":true,"_links":{"self":[{"href":"https:\/\/zonaroja.com.mx\/index.php?rest_route=\/wp\/v2\/posts\/34586","targetHints":{"allow":["GET"]}}],"collection":[{"href":"https:\/\/zonaroja.com.mx\/index.php?rest_route=\/wp\/v2\/posts"}],"about":[{"href":"https:\/\/zonaroja.com.mx\/index.php?rest_route=\/wp\/v2\/types\/post"}],"author":[{"embeddable":true,"href":"https:\/\/zonaroja.com.mx\/index.php?rest_route=\/wp\/v2\/users\/2"}],"replies":[{"embeddable":true,"href":"https:\/\/zonaroja.com.mx\/index.php?rest_route=%2Fwp%2Fv2%2Fcomments&post=34586"}],"version-history":[{"count":1,"href":"https:\/\/zonaroja.com.mx\/index.php?rest_route=\/wp\/v2\/posts\/34586\/revisions"}],"predecessor-version":[{"id":34588,"href":"https:\/\/zonaroja.com.mx\/index.php?rest_route=\/wp\/v2\/posts\/34586\/revisions\/34588"}],"wp:featuredmedia":[{"embeddable":true,"href":"https:\/\/zonaroja.com.mx\/index.php?rest_route=\/wp\/v2\/media\/34587"}],"wp:attachment":[{"href":"https:\/\/zonaroja.com.mx\/index.php?rest_route=%2Fwp%2Fv2%2Fmedia&parent=34586"}],"wp:term":[{"taxonomy":"category","embeddable":true,"href":"https:\/\/zonaroja.com.mx\/index.php?rest_route=%2Fwp%2Fv2%2Fcategories&post=34586"},{"taxonomy":"post_tag","embeddable":true,"href":"https:\/\/zonaroja.com.mx\/index.php?rest_route=%2Fwp%2Fv2%2Ftags&post=34586"}],"curies":[{"name":"wp","href":"https:\/\/api.w.org\/{rel}","templated":true}]}}