{"id":3459,"date":"2019-08-28T07:05:51","date_gmt":"2019-08-28T12:05:51","guid":{"rendered":"http:\/\/www.zonaroja.com.mx\/?p=3459"},"modified":"2019-08-28T07:05:53","modified_gmt":"2019-08-28T12:05:53","slug":"masacre-en-veracruz-matan-a-23-en-bar-de-coatzacoalcos","status":"publish","type":"post","link":"https:\/\/zonaroja.com.mx\/?p=3459","title":{"rendered":"Masacre en Veracruz: matan a 23 en bar de Coatzacoalcos"},"content":{"rendered":"\n<p>Redacci\u00f3n\/Zona\nRoja Cdmx.<\/p>\n\n\n\n<p>Ciudad de\nM\u00e9xico, 28 de agosto de 2019.- Un ataque armado e incendio a un bar en\nCoatzacoalcos, Veracruz, ha dejado como saldo hasta el momento 23 personas\nasesinadas, confirm\u00f3 la Fiscal\u00eda General de esa entidad.<\/p>\n\n\n\n<p>De los\nultimados, ocho son mujeres y 15 hombres; se registraron adem\u00e1s 13 heridos, como\nconsecuencia de los hechos registrados alrededor de las 22:00 horas de ayer en el\nbar \u201cCaballo Blanco\u201d de la colonia Benito Ju\u00e1rez Norte de Coatzacoalcos,\nVeracruz.<\/p>\n\n\n\n<p>Derivado de ello\nse ha dado inicio a la Carpeta de Investigaci\u00f3n UIPJ\/DXXI\/F5\/2003\/2019.<\/p>\n\n\n\n<p>A trav\u00e9s de\nun comunicado, la Fiscal\u00eda dijo que se mantiene comunicaci\u00f3n permanente con el\nMando \u00danico de la Zona Sur del Estado, para colaborar en el pronto\nesclarecimiento de los hechos, e informarle de manera oportuna sobre los\navances en la investigaci\u00f3n.<\/p>\n\n\n\n<p>Solicit\u00f3 a\nla Fiscal\u00eda General de la Rep\u00fablica (FGR) que, en v\u00eda de colaboraci\u00f3n,\nparticipe en los peritajes para determinar de manera clara y transparente, el\norigen del incendio ocurrido, para lo cual enviar\u00e1 personal de la Agencia de\nInvestigaci\u00f3n Criminal (AIC), quienes de manera colegiada con personal de la\nDirecci\u00f3n General de los Servicios Periciales, realizar\u00e1n los dict\u00e1menes\npericiales correspondientes para identificar el origen del incendio.<\/p>\n\n\n\n<p>Abund\u00f3 que\ndesahogar\u00e1 todos los actos de investigaci\u00f3n necesarios para establecer, en\nprimer lugar, si los hechos ocurridos son consecuencia de un ataque doloso,\npara garantizar que los hechos no queden impunes, desplegando todos los recursos\nhumanos, t\u00e9cnicos y materiales que sean necesarios.<\/p>\n\n\n\n<p>Adem\u00e1s, se\ntrabajar\u00e1 de manera coordinada con las instituciones federales y locales para\nen caso de confirmarse que se trat\u00f3 de una agresi\u00f3n directa, detener a los\nprobables responsables de los hechos y presentarlos ante un Juez para que se\nles aplique todo el peso de la ley.<\/p>\n","protected":false},"excerpt":{"rendered":"<p>Redacci\u00f3n\/Zona Roja Cdmx. Ciudad de M\u00e9xico, 28 de agosto de 2019.- Un ataque armado e&hellip;<\/p>\n","protected":false},"author":2,"featured_media":3460,"comment_status":"closed","ping_status":"open","sticky":false,"template":"","format":"standard","meta":{"_lmt_disableupdate":"","_lmt_disable":"","_jetpack_memberships_contains_paid_content":false,"footnotes":""},"categories":[109,51],"tags":[629],"class_list":["post-3459","post","type-post","status-publish","format-standard","has-post-thumbnail","hentry","category-minuto-a-minuto","category-zona-roja","tag-atentado-veracruz-23-muertos"],"jetpack_featured_media_url":"https:\/\/zonaroja.com.mx\/wp-content\/uploads\/2019\/08\/PHOTO-2019-08-28-06-26-13.jpg","jetpack_sharing_enabled":true,"_links":{"self":[{"href":"https:\/\/zonaroja.com.mx\/index.php?rest_route=\/wp\/v2\/posts\/3459","targetHints":{"allow":["GET"]}}],"collection":[{"href":"https:\/\/zonaroja.com.mx\/index.php?rest_route=\/wp\/v2\/posts"}],"about":[{"href":"https:\/\/zonaroja.com.mx\/index.php?rest_route=\/wp\/v2\/types\/post"}],"author":[{"embeddable":true,"href":"https:\/\/zonaroja.com.mx\/index.php?rest_route=\/wp\/v2\/users\/2"}],"replies":[{"embeddable":true,"href":"https:\/\/zonaroja.com.mx\/index.php?rest_route=%2Fwp%2Fv2%2Fcomments&post=3459"}],"version-history":[{"count":1,"href":"https:\/\/zonaroja.com.mx\/index.php?rest_route=\/wp\/v2\/posts\/3459\/revisions"}],"predecessor-version":[{"id":3461,"href":"https:\/\/zonaroja.com.mx\/index.php?rest_route=\/wp\/v2\/posts\/3459\/revisions\/3461"}],"wp:featuredmedia":[{"embeddable":true,"href":"https:\/\/zonaroja.com.mx\/index.php?rest_route=\/wp\/v2\/media\/3460"}],"wp:attachment":[{"href":"https:\/\/zonaroja.com.mx\/index.php?rest_route=%2Fwp%2Fv2%2Fmedia&parent=3459"}],"wp:term":[{"taxonomy":"category","embeddable":true,"href":"https:\/\/zonaroja.com.mx\/index.php?rest_route=%2Fwp%2Fv2%2Fcategories&post=3459"},{"taxonomy":"post_tag","embeddable":true,"href":"https:\/\/zonaroja.com.mx\/index.php?rest_route=%2Fwp%2Fv2%2Ftags&post=3459"}],"curies":[{"name":"wp","href":"https:\/\/api.w.org\/{rel}","templated":true}]}}