{"id":34594,"date":"2021-11-23T07:43:33","date_gmt":"2021-11-23T13:43:33","guid":{"rendered":"http:\/\/www.zonaroja.com.mx\/?p=34594"},"modified":"2021-11-23T07:43:36","modified_gmt":"2021-11-23T13:43:36","slug":"oaxaca-mantiene-primer-lugar-en-informalidad-en-tercer-trimestre-de-2021","status":"publish","type":"post","link":"https:\/\/zonaroja.com.mx\/?p=34594","title":{"rendered":"Oaxaca mantiene primer lugar en informalidad en tercer trimestre de 2021"},"content":{"rendered":"\n<p>Yuridiana Sosa\/Zona Roja.<\/p>\n\n\n\n<p>Oaxaca de Ju\u00e1rez, Oax., 23 de noviembre de 2021.- La ocupaci\u00f3n laboral informal persiste en Oaxaca, logrando una vez m\u00e1s el primer lugar a nivel nacional con una tasa de 80.7 por ciento, al cierre del tercer trimestre de este a\u00f1o, report\u00f3 la Encuesta Nacional de Ocupaci\u00f3n y Empleo, Nueva Edici\u00f3n (ENOEN).<\/p>\n\n\n\n<p>Datos de la ENOEN, elaborado por el Inegi, del trimestre julio-septiembre de 2021 revelan que esta cifra es mayor a la del primer trimestre de este a\u00f1o, cuando la entidad tambi\u00e9n encabez\u00f3 la lista, pero con un 79.7 por ciento.<\/p>\n\n\n\n<p>Sobre la Poblaci\u00f3n Econ\u00f3micamente Activa (PEA), la encuesta indic\u00f3 que la proporci\u00f3n de personas ocupadas fue mayor en Guerrero con 98.4 por ciento, seguida de Oaxaca 98.3 por ciento y Michoac\u00e1n de Ocampo 97.8 por ciento.<\/p>\n\n\n\n<p>En contraste, Oaxaca se destaca entre las entidades con las tasas m\u00e1s bajas en la desocupaci\u00f3n, con un 1.7 por ciento, s\u00f3lo por debajo de Guerrero que tiene el \u00edndice menor con un 1.6 por ciento.<\/p>\n\n\n\n<p>En promedio, la tasa nacional de informalidad laboral fue de 56.30 por ciento en el pa\u00eds, pero hay estados como Oaxaca y Chiapas que alcanzan hasta el 80 por ciento, mientras que en entidades como Coahuila o Nuevo Le\u00f3n es del 37 por ciento.<\/p>\n\n\n\n<p>La ENOEN en esta ocasi\u00f3n tambi\u00e9n aborda a la Poblaci\u00f3n Econ\u00f3micamente Activa en 39 ciudades de inter\u00e9s con m\u00e1s de 100 mil habitantes en las 32 entidades, que en su conjunto suman 28.1 millones de personas ocupadas y represent\u00f3 una tasa de participaci\u00f3n de 60.7 por ciento.<\/p>\n\n\n\n<p>Las \u00e1reas metropolitanas la tasa de participaci\u00f3n superior fueron Colima 68 por ciento, Tepic 66.7 por ciento, Ciudad Ju\u00e1rez 66.4 por ciento, Le\u00f3n 65.9 por ciento, Ciudad del Carmen 65.3 por ciento, Hermosillo 64.5 por ciento, Canc\u00fan 64.3 por ciento, Torre\u00f3n 63.6 por ciento, Reynosa 63.4 por ciento, M\u00e9rida y San Luis Potos\u00ed 63 por ciento, La Paz y Tlaxcala 62.6 por ciento, Morelia 62.5 por ciento y Oaxaca 62 por ciento, entre otras.<\/p>\n\n\n\n<p>La capital oaxaque\u00f1a adem\u00e1s se encuentre entre las ciudades donde la mayor proporci\u00f3n de poblaci\u00f3n ocupada declar\u00f3 tener necesidad y disponibilidad para trabajar m\u00e1s horas (tasa de subocupaci\u00f3n), con un 19.4 por ciento; el mayor \u00edndice fue Ciudad del Carmen con 31.5 por ciento y el menos, Ciudad de M\u00e9xico con 18.9 por ciento.<\/p>\n\n\n\n<p>Respecto a las \u00e1reas urbanas con menor desocupaci\u00f3n destacaron Reynosa, Ciudad Ju\u00e1rez, Tijuana, M\u00e9rida, Campeche, Cuernavaca, Mexicali, Oaxaca, Culiac\u00e1n, Colima, Acapulco y Guadalajara.<\/p>\n\n\n\n<p>PANORAMA NACIONAL<\/p>\n\n\n\n<p>La Poblaci\u00f3n Econ\u00f3micamente Activa (PEA) en el tercer trimestre en M\u00e9xico fue de 58.3 millones de personas, cifra superior en 4.7 millones de personas respecto al tercer trimestre del 2020.<\/p>\n\n\n\n<p>Los resultados detallaron que el mayor incremento se registr\u00f3 en el sector comercio con 1.3 millones m\u00e1s de ocupados; en restaurantes y servicios de alojamiento con 938 mil; en servicios profesionales, financieros y corporativos 663 mil; servicios diversos 618 mil y en la industria manufacturera con 490 mil personas m\u00e1s.<\/p>\n\n\n\n<p>Las personas ocupadas en micronegocios aumentaron en 2.7 millones, en los peque\u00f1os establecimientos en 793 mil y en los grandes establecimientos en 380 mil.<\/p>\n\n\n\n<p>Para el trimestre julio-septiembre fue de 2.5 millones de personas y la tasa de desocupaci\u00f3n correspondiente fue de 4.2 por ciento de la PEA, tasa menor que la de 5.2 por ciento obtenida en 2020.<\/p>\n","protected":false},"excerpt":{"rendered":"<p>Yuridiana Sosa\/Zona Roja. Oaxaca de Ju\u00e1rez, Oax., 23 de noviembre de 2021.- La ocupaci\u00f3n laboral&hellip;<\/p>\n","protected":false},"author":2,"featured_media":29896,"comment_status":"closed","ping_status":"open","sticky":false,"template":"","format":"standard","meta":{"_lmt_disableupdate":"","_lmt_disable":"","_jetpack_memberships_contains_paid_content":false,"footnotes":""},"categories":[109,47],"tags":[],"class_list":["post-34594","post","type-post","status-publish","format-standard","has-post-thumbnail","hentry","category-minuto-a-minuto","category-zona-gris"],"jetpack_featured_media_url":"https:\/\/zonaroja.com.mx\/wp-content\/uploads\/2021\/07\/Ambulantes-centro-ciudad-de-Oaxaca-1.jpg","jetpack_sharing_enabled":true,"_links":{"self":[{"href":"https:\/\/zonaroja.com.mx\/index.php?rest_route=\/wp\/v2\/posts\/34594","targetHints":{"allow":["GET"]}}],"collection":[{"href":"https:\/\/zonaroja.com.mx\/index.php?rest_route=\/wp\/v2\/posts"}],"about":[{"href":"https:\/\/zonaroja.com.mx\/index.php?rest_route=\/wp\/v2\/types\/post"}],"author":[{"embeddable":true,"href":"https:\/\/zonaroja.com.mx\/index.php?rest_route=\/wp\/v2\/users\/2"}],"replies":[{"embeddable":true,"href":"https:\/\/zonaroja.com.mx\/index.php?rest_route=%2Fwp%2Fv2%2Fcomments&post=34594"}],"version-history":[{"count":1,"href":"https:\/\/zonaroja.com.mx\/index.php?rest_route=\/wp\/v2\/posts\/34594\/revisions"}],"predecessor-version":[{"id":34595,"href":"https:\/\/zonaroja.com.mx\/index.php?rest_route=\/wp\/v2\/posts\/34594\/revisions\/34595"}],"wp:featuredmedia":[{"embeddable":true,"href":"https:\/\/zonaroja.com.mx\/index.php?rest_route=\/wp\/v2\/media\/29896"}],"wp:attachment":[{"href":"https:\/\/zonaroja.com.mx\/index.php?rest_route=%2Fwp%2Fv2%2Fmedia&parent=34594"}],"wp:term":[{"taxonomy":"category","embeddable":true,"href":"https:\/\/zonaroja.com.mx\/index.php?rest_route=%2Fwp%2Fv2%2Fcategories&post=34594"},{"taxonomy":"post_tag","embeddable":true,"href":"https:\/\/zonaroja.com.mx\/index.php?rest_route=%2Fwp%2Fv2%2Ftags&post=34594"}],"curies":[{"name":"wp","href":"https:\/\/api.w.org\/{rel}","templated":true}]}}