{"id":34599,"date":"2021-11-23T08:11:53","date_gmt":"2021-11-23T14:11:53","guid":{"rendered":"http:\/\/www.zonaroja.com.mx\/?p=34599"},"modified":"2021-11-23T08:11:57","modified_gmt":"2021-11-23T14:11:57","slug":"sin-garcia-jarquin-inicia-en-oaxaca-capital-proceso-de-entrega-a-neri","status":"publish","type":"post","link":"https:\/\/zonaroja.com.mx\/?p=34599","title":{"rendered":"Sin Garc\u00eda Jarqu\u00edn, inicia en Oaxaca capital proceso de entrega a Neri"},"content":{"rendered":"\n<p>Redacci\u00f3n\/Zona Roja.<\/p>\n\n\n\n<p>Oaxaca de Ju\u00e1rez, Oax., 23 de noviembre 2021.- Como resultado de la reuni\u00f3n llevada a cabo en sal\u00f3n ex presidentes del palacio municipal del ayuntamiento de Oaxaca de Ju\u00e1rez, entre representantes del presidente municipal, Oswaldo Garc\u00eda Jarqu\u00edn y del presidente electo, Francisco Mart\u00ednez Neri, se estableci\u00f3 que el proceso formal de entrega recepci\u00f3n, iniciar\u00e1 el pr\u00f3ximo 29 de noviembre del presente a\u00f1o.<\/p>\n\n\n\n<p>Con la presencia del director administrativo, Mario M\u00e9ndez; la titular de la Contralor\u00eda Social Municipal, Mar\u00eda de los \u00c1ngeles Arag\u00f3n, el Tesorero Municipal, V\u00edctor V\u00e1squez Bocanegra, el Secretario Municipal, Di\u00f3doro Constantino Ram\u00edrez, y el Director de Seguridad P\u00fablica, Marcos Fredy Hern\u00e1ndez, se realiz\u00f3 una reuni\u00f3n con los regidores electos e integrantes del equipo de trabajo del presidente municipal electo, a efecto de plantear la urgente necesidad de dar inicio al proceso de obtenci\u00f3n de informaci\u00f3n de cada una de las \u00e1reas de la administraci\u00f3n municipal.<\/p>\n\n\n\n<p>De tal forma que este martes se iniciar\u00e1 la vinculaci\u00f3n con las diversas \u00e1reas municipales, a efecto de obtener informaci\u00f3n relativa a temas de inter\u00e9s como la infraestructura f\u00edsica en la que se laborar\u00e1, los recursos materiales, recursos humanos (de contrato, confianza y de base), los conflictos sociales en puerta, el mapa de riesgos, as\u00ed como las metas de cada \u00e1rea que est\u00e1n pendientes de cumplirse y las causas del por qu\u00e9 no se logr\u00f3, si fuera el caso.<\/p>\n\n\n\n<p>En esta ruta, el Cabildo de Oaxaca de Ju\u00e1rez sesionar\u00e1 el mi\u00e9rcoles 24 de noviembre para discutir la agenda trabajada y, en su caso, aprobarla, adem\u00e1s de acordar la instalaci\u00f3n formal de la Comisi\u00f3n Municipal de entrega-recepci\u00f3n.<\/p>\n","protected":false},"excerpt":{"rendered":"<p>Redacci\u00f3n\/Zona Roja. Oaxaca de Ju\u00e1rez, Oax., 23 de noviembre 2021.- Como resultado de la reuni\u00f3n&hellip;<\/p>\n","protected":false},"author":2,"featured_media":34600,"comment_status":"closed","ping_status":"open","sticky":false,"template":"","format":"standard","meta":{"_lmt_disableupdate":"","_lmt_disable":"","_jetpack_memberships_contains_paid_content":false,"footnotes":""},"categories":[109,47],"tags":[2418],"class_list":["post-34599","post","type-post","status-publish","format-standard","has-post-thumbnail","hentry","category-minuto-a-minuto","category-zona-gris","tag-francisco-martinez-neri"],"jetpack_featured_media_url":"https:\/\/zonaroja.com.mx\/wp-content\/uploads\/2021\/11\/Neri.jpg","jetpack_sharing_enabled":true,"_links":{"self":[{"href":"https:\/\/zonaroja.com.mx\/index.php?rest_route=\/wp\/v2\/posts\/34599","targetHints":{"allow":["GET"]}}],"collection":[{"href":"https:\/\/zonaroja.com.mx\/index.php?rest_route=\/wp\/v2\/posts"}],"about":[{"href":"https:\/\/zonaroja.com.mx\/index.php?rest_route=\/wp\/v2\/types\/post"}],"author":[{"embeddable":true,"href":"https:\/\/zonaroja.com.mx\/index.php?rest_route=\/wp\/v2\/users\/2"}],"replies":[{"embeddable":true,"href":"https:\/\/zonaroja.com.mx\/index.php?rest_route=%2Fwp%2Fv2%2Fcomments&post=34599"}],"version-history":[{"count":1,"href":"https:\/\/zonaroja.com.mx\/index.php?rest_route=\/wp\/v2\/posts\/34599\/revisions"}],"predecessor-version":[{"id":34601,"href":"https:\/\/zonaroja.com.mx\/index.php?rest_route=\/wp\/v2\/posts\/34599\/revisions\/34601"}],"wp:featuredmedia":[{"embeddable":true,"href":"https:\/\/zonaroja.com.mx\/index.php?rest_route=\/wp\/v2\/media\/34600"}],"wp:attachment":[{"href":"https:\/\/zonaroja.com.mx\/index.php?rest_route=%2Fwp%2Fv2%2Fmedia&parent=34599"}],"wp:term":[{"taxonomy":"category","embeddable":true,"href":"https:\/\/zonaroja.com.mx\/index.php?rest_route=%2Fwp%2Fv2%2Fcategories&post=34599"},{"taxonomy":"post_tag","embeddable":true,"href":"https:\/\/zonaroja.com.mx\/index.php?rest_route=%2Fwp%2Fv2%2Ftags&post=34599"}],"curies":[{"name":"wp","href":"https:\/\/api.w.org\/{rel}","templated":true}]}}