{"id":34602,"date":"2021-11-23T08:20:52","date_gmt":"2021-11-23T14:20:52","guid":{"rendered":"http:\/\/www.zonaroja.com.mx\/?p=34602"},"modified":"2021-11-23T08:20:56","modified_gmt":"2021-11-23T14:20:56","slug":"va-fiscalia-contra-ruben-vasconcelos-y-funcionarios-por-caso-de-fotoperiodista","status":"publish","type":"post","link":"https:\/\/zonaroja.com.mx\/?p=34602","title":{"rendered":"Va Fiscal\u00eca contra Rub\u00e9n Vasconcelos y funcionarios, por caso de fotoperiodista"},"content":{"rendered":"\n<p>Redacci\u00f3n\/Zona Roja.<\/p>\n\n\n\n<p>Oaxaca de Ju\u00e1rez, Oax., 23 de noviembre de 2021.- La Fiscal\u00eda General del Estado de Oaxaca reconoci\u00f3 errores en la integraci\u00f3n de la investigaci\u00f3n, \u201cas\u00ed como omisiones y responsabilidad de servidores p\u00fablicos en el caso que comprende el feminicidio de dos v\u00edctimas y el homicidio de un hombre ocurridos en Juchit\u00e1n de Zaragoza el 2 de junio de 2018.<\/p>\n\n\n\n<p>Uno de los tres casos es el de la fotoperiodista Mar\u00eda del Sol Cruz Jarqu\u00edn, cuya madre Soledad Jarqu\u00edn pidi\u00f3 ayer al gobernador Alejandro Murat la dimisi\u00f3n de Rub\u00e9n Vasconcelos M\u00e9ndez, ex titular de la Fiscal\u00eda, por dichas omisiones.<\/p>\n\n\n\n<p>En un comunicado, la Fiscal\u00eda inform\u00f3 que \u201ctras una audiencia realizada la tarde de este lunes, solicit\u00f3 el sobreseimiento parcial en la acusaci\u00f3n que se sosten\u00eda en contra de J. H. C.; por primera vez, la Instituci\u00f3n de procuraci\u00f3n de justicia reconoce las falencias\u201d en el caso.<\/p>\n\n\n\n<p>Detall\u00f3 que al hacer una minuciosa revisi\u00f3n del caso, la FGEO detect\u00f3 la falta de elementos probatorios para llevar a buen t\u00e9rmino un proceso penal contra los responsables del crimen.<\/p>\n\n\n\n<p>Adem\u00e1s que, desde un primer momento se omiti\u00f3 investigar con perspectiva de g\u00e9nero el caso en el que M. S. C. J. (Mar\u00eda del Sol) y P. I. T. P. (Pamela), por lo que ahora se iniciaron carpetas de investigaci\u00f3n por feminicidio m\u00e1s la que se integr\u00f3 por homicidio calificado contra A. J. G (Adelfo).<\/p>\n\n\n\n<p>\u201cPor lo que el caso se abordar\u00e1 con una visi\u00f3n de perspectiva de g\u00e9nero, al ser mujeres dos de las v\u00edctimas, as\u00ed tambi\u00e9n se busca reparar violaciones a los derechos humanos, as\u00ed como conocer la forma en que sucedieron los lamentables acontecimientos e identificar a los culpables materiales e intelectuales para que reciban un castigo ejemplar\u201d.<\/p>\n\n\n\n<p>Expuso que la Fiscal\u00eda de Oaxaca \u201ctiene el firme compromiso de procurar que las v\u00edctimas tengan pleno acceso a la justicia, es por eso que el caso ser\u00e1 revisado para evitar que se cometan los mismos errores del pasado que van desde irregularidades en la cadena de custodia de elementos probatorios hasta inconsistencias en pruebas forenses.<\/p>\n\n\n\n<p>\u201cTras el an\u00e1lisis, la Fiscal\u00eda reconoce las deficiencias en la actuaci\u00f3n de servidores p\u00fablicos que han revictimizado, dilatado y obstaculizado el acceso a la justicia y la verdad, pues parte de la labor de investigaci\u00f3n ministerial consiste reparar el da\u00f1o para aminorar el dolor de los familiares de las v\u00edctimas.<\/p>\n\n\n\n<p>\u201cEn la Fiscal\u00eda General del Estado de Oaxaca estamos comprometidos con el combate frontal contra la impunidad tanto de autores materiales como intelectuales, por lo que reiteramos nuestro compromiso a favor de la justicia\u201d, detall\u00f3.<\/p>\n","protected":false},"excerpt":{"rendered":"<p>Redacci\u00f3n\/Zona Roja. Oaxaca de Ju\u00e1rez, Oax., 23 de noviembre de 2021.- La Fiscal\u00eda General del&hellip;<\/p>\n","protected":false},"author":2,"featured_media":9175,"comment_status":"closed","ping_status":"open","sticky":false,"template":"","format":"standard","meta":{"_lmt_disableupdate":"","_lmt_disable":"","_jetpack_memberships_contains_paid_content":false,"footnotes":""},"categories":[109,47],"tags":[1059],"class_list":["post-34602","post","type-post","status-publish","format-standard","has-post-thumbnail","hentry","category-minuto-a-minuto","category-zona-gris","tag-maria-del-sol-cruz-jarquin"],"jetpack_featured_media_url":"https:\/\/zonaroja.com.mx\/wp-content\/uploads\/2020\/02\/Mar\u00eda-del-Sol-y-Soledad-Jarqu\u00edn.png","jetpack_sharing_enabled":true,"_links":{"self":[{"href":"https:\/\/zonaroja.com.mx\/index.php?rest_route=\/wp\/v2\/posts\/34602","targetHints":{"allow":["GET"]}}],"collection":[{"href":"https:\/\/zonaroja.com.mx\/index.php?rest_route=\/wp\/v2\/posts"}],"about":[{"href":"https:\/\/zonaroja.com.mx\/index.php?rest_route=\/wp\/v2\/types\/post"}],"author":[{"embeddable":true,"href":"https:\/\/zonaroja.com.mx\/index.php?rest_route=\/wp\/v2\/users\/2"}],"replies":[{"embeddable":true,"href":"https:\/\/zonaroja.com.mx\/index.php?rest_route=%2Fwp%2Fv2%2Fcomments&post=34602"}],"version-history":[{"count":1,"href":"https:\/\/zonaroja.com.mx\/index.php?rest_route=\/wp\/v2\/posts\/34602\/revisions"}],"predecessor-version":[{"id":34603,"href":"https:\/\/zonaroja.com.mx\/index.php?rest_route=\/wp\/v2\/posts\/34602\/revisions\/34603"}],"wp:featuredmedia":[{"embeddable":true,"href":"https:\/\/zonaroja.com.mx\/index.php?rest_route=\/wp\/v2\/media\/9175"}],"wp:attachment":[{"href":"https:\/\/zonaroja.com.mx\/index.php?rest_route=%2Fwp%2Fv2%2Fmedia&parent=34602"}],"wp:term":[{"taxonomy":"category","embeddable":true,"href":"https:\/\/zonaroja.com.mx\/index.php?rest_route=%2Fwp%2Fv2%2Fcategories&post=34602"},{"taxonomy":"post_tag","embeddable":true,"href":"https:\/\/zonaroja.com.mx\/index.php?rest_route=%2Fwp%2Fv2%2Ftags&post=34602"}],"curies":[{"name":"wp","href":"https:\/\/api.w.org\/{rel}","templated":true}]}}