{"id":34607,"date":"2021-11-23T16:03:45","date_gmt":"2021-11-23T22:03:45","guid":{"rendered":"http:\/\/www.zonaroja.com.mx\/?p=34607"},"modified":"2021-11-23T16:03:48","modified_gmt":"2021-11-23T22:03:48","slug":"adeuda-edil-garcia-jarquin-900-mil-a-huayapam-y-se-niega-a-pagar","status":"publish","type":"post","link":"https:\/\/zonaroja.com.mx\/?p=34607","title":{"rendered":"Adeuda edil Garc\u00eda Jarqu\u00edn $900 mil a Huay\u00e1pam y se niega a pagar"},"content":{"rendered":"\n<p>Yuridiana Sosa\/Zona Roja.<\/p>\n\n\n\n<p>Oaxaca de Ju\u00e1rez, Oax., 23 de noviembre de 2021.-&nbsp; A falta de pago de casi un mill\u00f3n de pesos por concepto predial, autoridades de San Andr\u00e9s Huay\u00e1pan determinaron la clausura del pante\u00f3n \u201cJard\u00edn\u201d, ubicado en su municipio, pero administrado por el gobierno de Oaxaca de Ju\u00e1rez.<\/p>\n\n\n\n<p>El ayuntamiento capitalino a cargo de Oswaldo Garc\u00eda Jarqu\u00edn no ha mostrado voluntad para efectuar el pago de 900 mil pesos, por cinco a\u00f1os de deuda \u00fanicamente, a pesar que desde hace 13 a\u00f1os no han pagado dicho concepto, apuntaron las autoridades de Huay\u00e1pam, por lo que el cierre aplicar\u00e1 a partir de este 24 de noviembre.<\/p>\n\n\n\n<p>Pero, adem\u00e1s, el camposanto con unos 10 mil espacios y de los m\u00e1s importantes para los capitalinos, opera en total ilegalidad, pues carece de permisos, licencias, cambio de uso de suelo y de impacto ambiental, entre otros, para su funcionamiento, asever\u00f3 el presidente municipal Nicol\u00e1s Pacheco Santiago.<\/p>\n\n\n\n<figure class=\"wp-block-embed is-type-rich is-provider-twitter wp-block-embed-twitter\"><div class=\"wp-block-embed__wrapper\">\n<div class=\"twitter-tweet\"><blockquote class=\"twitter-tweet\" data-lang=\"es\"><p lang=\"es\" dir=\"ltr\">San Andr\u00e9s Huay\u00e1pam, Oax., 23 de noviembre de 2021.- Conferencia de prensa de autoridades de Huay\u00e1pam respecto a los adeudos edil edil de Oaxaca de Ju\u00e1rez, <a href=\"https:\/\/twitter.com\/oswaldogarciaj?ref_src=twsrc%5Etfw\">@oswaldogarciaj<\/a>; denuncian que se niega a pagar. <br>Siga aqu\u00ed la transmisi\u00f3n:<br>\ud83d\udc47<a href=\"https:\/\/t.co\/GoVTYkOhMZ\">https:\/\/t.co\/GoVTYkOhMZ<\/a> <a href=\"https:\/\/t.co\/bqkx9yEope\">pic.twitter.com\/bqkx9yEope<\/a><\/p>&mdash; Zona Roja Oaxaca (@Zona_Roja_Oax) <a href=\"https:\/\/twitter.com\/Zona_Roja_Oax\/status\/1463166563272511503?ref_src=twsrc%5Etfw\">23 de noviembre de 2021<\/a><\/blockquote><\/div>\n<\/div><\/figure>\n\n\n\n<p>La falta de permisos data desde su creaci\u00f3n hace casi 50 a\u00f1os, pues el ayuntamiento de Oaxaca de Ju\u00e1rez s\u00f3lo adquiri\u00f3 predios a vecinos de Huay\u00e1pam para la creaci\u00f3n de un cementerio, por lo que desde hace m\u00e1s de cinco meses han exigido a la autoridad de la capital cumplir con los permisos y licencias, sin que hasta ahora se haga un solo tr\u00e1mite.<\/p>\n\n\n\n<p>Los representantes municipales indicaron que la decisi\u00f3n del cierre se tom\u00f3 a trav\u00e9s de una asamblea general el pasado 15 de noviembre y debe ser esta misma asamblea la que determine, en su momento, si apropiarse con las legalidades necesarias del pante\u00f3n.<\/p>\n\n\n\n<p>Desde el pasado 7 de noviembre, la autoridad de Huay\u00e1pam instal\u00f3 en el acceso del cementerio anuncios sobre el cierre del lugar, as\u00ed como las causas y el plazo otorgado al ayuntamiento de Oaxaca de Ju\u00e1rez para el cumplimiento de sus deudas.<\/p>\n","protected":false},"excerpt":{"rendered":"<p>Yuridiana Sosa\/Zona Roja. Oaxaca de Ju\u00e1rez, Oax., 23 de noviembre de 2021.-&nbsp; A falta de&hellip;<\/p>\n","protected":false},"author":2,"featured_media":34608,"comment_status":"closed","ping_status":"open","sticky":false,"template":"","format":"standard","meta":{"_lmt_disableupdate":"","_lmt_disable":"","_jetpack_memberships_contains_paid_content":false,"footnotes":""},"categories":[109,47],"tags":[115,1909],"class_list":["post-34607","post","type-post","status-publish","format-standard","has-post-thumbnail","hentry","category-minuto-a-minuto","category-zona-gris","tag-oswaldo-garcia-jarquin","tag-san-andres-huayapam"],"jetpack_featured_media_url":"https:\/\/zonaroja.com.mx\/wp-content\/uploads\/2021\/11\/Conferencia-de-prensa-San-Andres-Huayapam.jpg","jetpack_sharing_enabled":true,"_links":{"self":[{"href":"https:\/\/zonaroja.com.mx\/index.php?rest_route=\/wp\/v2\/posts\/34607","targetHints":{"allow":["GET"]}}],"collection":[{"href":"https:\/\/zonaroja.com.mx\/index.php?rest_route=\/wp\/v2\/posts"}],"about":[{"href":"https:\/\/zonaroja.com.mx\/index.php?rest_route=\/wp\/v2\/types\/post"}],"author":[{"embeddable":true,"href":"https:\/\/zonaroja.com.mx\/index.php?rest_route=\/wp\/v2\/users\/2"}],"replies":[{"embeddable":true,"href":"https:\/\/zonaroja.com.mx\/index.php?rest_route=%2Fwp%2Fv2%2Fcomments&post=34607"}],"version-history":[{"count":1,"href":"https:\/\/zonaroja.com.mx\/index.php?rest_route=\/wp\/v2\/posts\/34607\/revisions"}],"predecessor-version":[{"id":34609,"href":"https:\/\/zonaroja.com.mx\/index.php?rest_route=\/wp\/v2\/posts\/34607\/revisions\/34609"}],"wp:featuredmedia":[{"embeddable":true,"href":"https:\/\/zonaroja.com.mx\/index.php?rest_route=\/wp\/v2\/media\/34608"}],"wp:attachment":[{"href":"https:\/\/zonaroja.com.mx\/index.php?rest_route=%2Fwp%2Fv2%2Fmedia&parent=34607"}],"wp:term":[{"taxonomy":"category","embeddable":true,"href":"https:\/\/zonaroja.com.mx\/index.php?rest_route=%2Fwp%2Fv2%2Fcategories&post=34607"},{"taxonomy":"post_tag","embeddable":true,"href":"https:\/\/zonaroja.com.mx\/index.php?rest_route=%2Fwp%2Fv2%2Ftags&post=34607"}],"curies":[{"name":"wp","href":"https:\/\/api.w.org\/{rel}","templated":true}]}}