{"id":34616,"date":"2021-11-23T22:02:04","date_gmt":"2021-11-24T04:02:04","guid":{"rendered":"http:\/\/www.zonaroja.com.mx\/?p=34616"},"modified":"2021-11-23T22:02:08","modified_gmt":"2021-11-24T04:02:08","slug":"ante-desatencion-crece-intensidad-de-protestas-en-oaxaca","status":"publish","type":"post","link":"https:\/\/zonaroja.com.mx\/?p=34616","title":{"rendered":"Ante desatenci\u00f3n, crece intensidad de protestas en Oaxaca"},"content":{"rendered":"\n<p>Yuridiana Sosa\/Zona Roja.<\/p>\n\n\n\n<p>Oaxaca de Ju\u00e1rez, Oax., 23 de noviembre de 2021.- Una persona herida por arma de fuego; quema de llantas en Ciudad Administrativa; cientos de ciudadanos afectados por bloqueo y pobladores de comunidades inconformes, es el resultado de las protestas de este martes en la capital y la zona conurbada ante la desatenci\u00f3n del gobierno.<\/p>\n\n\n\n<p>Al cierre de este a\u00f1o, las demandas de organizaciones y comunidades por atenci\u00f3n de las autoridades estatales se multiplican en distintas \u00e1reas, causando cada d\u00eda un caos por bloqueos y manifestaciones, sin que la Secretar\u00eda General de Gobierno (Segego) intervenga para dar fin a los problemas.<\/p>\n\n\n\n<p>Un ciudadano baleado, fue el resultado de la desatenci\u00f3n para la comunidad de San Jos\u00e9 Xochitl\u00e1n, del municipio de San Mart\u00edn Itunyoso de la regi\u00f3n Mixteca, que durante dos d\u00edas (lunes y martes) se han apoderado de la caseta de peaje de Huitzo para exigir la entrega de recursos municipales que desde el a\u00f1o 2005 no les otorgan.<\/p>\n\n\n\n<p>El poblador fue identificado como Benjam\u00edn Santiago Hern\u00e1ndez, de 35 a\u00f1os, quien fue agredido por un automovilista quien se abri\u00f3 paso por la fuerza. Mientras que elementos de la Guardia Nacional que permanec\u00edan cerca del lugar no hicieron nada para alcanzar al atacante.<\/p>\n\n\n\n<p>SIGUE STEUABJO<\/p>\n\n\n\n<p>En la capital, integrantes del Sindicato de Trabajadores y Empleados de la Universidad Aut\u00f3noma Benito Ju\u00e1rez de Oaxaca (STEUABJO) se manifestaron nuevamente en la Junta Local de Conciliaci\u00f3n y Arbitraje.<\/p>\n\n\n\n<p>Mientras que el Frente \u00danico en Defensa Ind\u00edgena protest\u00f3 en las oficinas de la Defensor\u00eda de los Derechos Humanos del Pueblo de Oaxaca para denunciar la violaci\u00f3n de sus garant\u00edas por la negligencia de distintas dependencias para resolver asuntos de justicia, salud y bienestar social.<\/p>\n\n\n\n<p>En la zona norte de la ciudad, la colonia Reforma, pobladores de San Sebasti\u00e1n Tecomaxtlahuaca, San Mart\u00edn Peras, Silacayoapam y San Francisco Tlapancingo, se manifestaron en sede de la Comisi\u00f3n Nacional Forestal (Conafor) por la falta de combate a una plaga que afecta a m\u00e1s de tres mil hect\u00e1reas de superficie.<\/p>\n\n\n\n<p>En la zona conurbada, las protestas se intensificaron por parte de habitantes de de Santa Cruz Amilpas y el Movimiento Unido de Organizaciones Sociales y Transportistas del Estado de Oaxaca (MUOSTEO), quienes bloquearon la carretera internacional 190, en inmediaciones del crucero a Huayapam y \u201ctomaron\u201d los accesos de Ciudad Administrativa en Tlalixtac de Cabrera.<\/p>\n\n\n\n<p>Los inconformes quemaron llantas en el complejo de gobierno para exigir la entrega de recursos por parte de la Secretar\u00eda de las Infraestructuras y Ordenamiento Territorial Sustentable (Sinfra) para una pavimentaci\u00f3n de 300 metros lineales en el Fraccionamiento Lomas de Santa Cruz Amilpas.<\/p>\n\n\n\n<p>La Segego no ha podido controlar ninguno de los asuntos que causan inconformidad y que derivan en manifestaciones con afectaciones a terceros, mientras que la excusa general es que no hay recursos.<\/p>\n","protected":false},"excerpt":{"rendered":"<p>Yuridiana Sosa\/Zona Roja. Oaxaca de Ju\u00e1rez, Oax., 23 de noviembre de 2021.- Una persona herida&hellip;<\/p>\n","protected":false},"author":2,"featured_media":34617,"comment_status":"closed","ping_status":"open","sticky":false,"template":"","format":"standard","meta":{"_lmt_disableupdate":"","_lmt_disable":"","_jetpack_memberships_contains_paid_content":false,"footnotes":""},"categories":[109,47],"tags":[518],"class_list":["post-34616","post","type-post","status-publish","format-standard","has-post-thumbnail","hentry","category-minuto-a-minuto","category-zona-gris","tag-protestas-oaxaca"],"jetpack_featured_media_url":"https:\/\/zonaroja.com.mx\/wp-content\/uploads\/2021\/11\/Bloqueos-Oaxaca.jpg","jetpack_sharing_enabled":true,"_links":{"self":[{"href":"https:\/\/zonaroja.com.mx\/index.php?rest_route=\/wp\/v2\/posts\/34616","targetHints":{"allow":["GET"]}}],"collection":[{"href":"https:\/\/zonaroja.com.mx\/index.php?rest_route=\/wp\/v2\/posts"}],"about":[{"href":"https:\/\/zonaroja.com.mx\/index.php?rest_route=\/wp\/v2\/types\/post"}],"author":[{"embeddable":true,"href":"https:\/\/zonaroja.com.mx\/index.php?rest_route=\/wp\/v2\/users\/2"}],"replies":[{"embeddable":true,"href":"https:\/\/zonaroja.com.mx\/index.php?rest_route=%2Fwp%2Fv2%2Fcomments&post=34616"}],"version-history":[{"count":1,"href":"https:\/\/zonaroja.com.mx\/index.php?rest_route=\/wp\/v2\/posts\/34616\/revisions"}],"predecessor-version":[{"id":34618,"href":"https:\/\/zonaroja.com.mx\/index.php?rest_route=\/wp\/v2\/posts\/34616\/revisions\/34618"}],"wp:featuredmedia":[{"embeddable":true,"href":"https:\/\/zonaroja.com.mx\/index.php?rest_route=\/wp\/v2\/media\/34617"}],"wp:attachment":[{"href":"https:\/\/zonaroja.com.mx\/index.php?rest_route=%2Fwp%2Fv2%2Fmedia&parent=34616"}],"wp:term":[{"taxonomy":"category","embeddable":true,"href":"https:\/\/zonaroja.com.mx\/index.php?rest_route=%2Fwp%2Fv2%2Fcategories&post=34616"},{"taxonomy":"post_tag","embeddable":true,"href":"https:\/\/zonaroja.com.mx\/index.php?rest_route=%2Fwp%2Fv2%2Ftags&post=34616"}],"curies":[{"name":"wp","href":"https:\/\/api.w.org\/{rel}","templated":true}]}}