{"id":34619,"date":"2021-11-23T22:22:52","date_gmt":"2021-11-24T04:22:52","guid":{"rendered":"http:\/\/www.zonaroja.com.mx\/?p=34619"},"modified":"2021-11-23T22:22:55","modified_gmt":"2021-11-24T04:22:55","slug":"tribunal-federal-favorece-al-pri-en-mitla-y-perjudica-a-morena-en-salina-cruz","status":"publish","type":"post","link":"https:\/\/zonaroja.com.mx\/?p=34619","title":{"rendered":"Tribunal federal favorece al PRI en Mitla y perjudica a Morena en Salina Cruz"},"content":{"rendered":"\n<p>Redacci\u00f3n\/Zona Roja.<\/p>\n\n\n\n<p>Oaxaca de Ju\u00e1rez, Oax., 23 de noviembre de 2021.- La Sala Regional Xalapa del Tribunal Electoral del Poder Judicial de la Federaci\u00f3n (TEPJF) anul\u00f3 la elecci\u00f3n del ayuntamiento de Salina Cruz, que hab\u00eda ganado el morenista Daniel M\u00e9ndez Sosa.<\/p>\n\n\n\n<p>En cambio, ratific\u00f3 el triunfo del priista Esa\u00fa L\u00f3pez Quero, en la Villa de Mitla, y quien fue postulado por la alianza PRI-PRD.<\/p>\n\n\n\n<p>En el caso de Salina Cruz, el Tribunal declar\u00f3 la nulidad de la elecci\u00f3n y anul\u00f3 la entrega de la constancia de mayor\u00eda y validez a la planilla postulada por el partido pol\u00edtico Morena.<\/p>\n\n\n\n<p>El Pleno de la Sala Regional consider\u00f3 que se vulneraron los principios de legalidad y certeza en la etapa de resultados de la elecci\u00f3n, mismos que deben imperar en todo proceso electivo.<\/p>\n\n\n\n<p>Lo anterior, porque no obstante que se realiz\u00f3 una sesi\u00f3n de c\u00f3mputo municipal para llevar a cabo un nuevo escrutinio y c\u00f3mputo de la votaci\u00f3n en 90 casillas, no se cuenta con la documentaci\u00f3n electoral generada en ese acto, por lo que no es posible otorgarle validez.<\/p>\n\n\n\n<p>Adem\u00e1s, se consider\u00f3 que no existe certeza de aquellas casillas cuyos paquetes electorales, efectivamente, se hubieran recontado, ni la forma en que se llev\u00f3 a cabo el referido procedimiento.<\/p>\n\n\n\n<p>En consecuencia, se orden\u00f3 al Congreso del Estado de Oaxaca, as\u00ed como al Instituto Estatal Electoral y de Participaci\u00f3n Ciudadana de Oaxaca (IEEPCO), tomar las medidas necesarias para la celebraci\u00f3n de la elecci\u00f3n municipal extraordinaria en Salina Cruz.<\/p>\n\n\n\n<p>En tanto que en el caso de la Villa de Mitla, confirm\u00f3 la validez de la elecci\u00f3n, tras rechazar diversas impugnaciones por el presunto rebase del tope de campa\u00f1as, de lo cual consider\u00f3 que no hubo elementos probatorios suficientes.<\/p>\n\n\n\n<p>A SALA SUPERIOR<\/p>\n\n\n\n<p>Tras conocer el fallo de la Sala Xalapa, quien hab\u00eda ganado la contienda por el Partido Morena en Salina Cruz, Daniel M\u00e9ndez Sosa, dijo que recurrir\u00e1 a la Sala Superior del m\u00e1ximo tribunal electoral del pa\u00eds.<\/p>\n\n\n\n<p>\u201cSin duda sabemos que en el proceso pasado ganamos, ganamos porque as\u00ed lo quiso el pueblo de Salina Cruz, porque nos volvieron a depositar la confianza. Pero hoy la Sala Xalapa emite una resoluci\u00f3n donde anula el proceso.<\/p>\n\n\n\n<p>\u201c\u00bfPor qu\u00e9 pasa esto? Porque las irregularidades que presumen se dieron en el proceso, el PRI-PAN y el PRD, a trav\u00e9s de sus trampas, de querer robarnos las elecciones.<\/p>\n\n\n\n<p>\u201cVamos a mantener la calma, somos gente capaz; estamos tratando ya el tema a fondo y de forma jur\u00eddica vamos a seguir luchando por la voluntad del pueblo de Salina Cruz, en la instancia que sigue, la Sala Superior\u201d, expuso en un mensaje v\u00eda redes sociales.<\/p>\n","protected":false},"excerpt":{"rendered":"<p>Redacci\u00f3n\/Zona Roja. Oaxaca de Ju\u00e1rez, Oax., 23 de noviembre de 2021.- La Sala Regional Xalapa&hellip;<\/p>\n","protected":false},"author":2,"featured_media":15076,"comment_status":"closed","ping_status":"open","sticky":false,"template":"","format":"standard","meta":{"_lmt_disableupdate":"","_lmt_disable":"","_jetpack_memberships_contains_paid_content":false,"footnotes":""},"categories":[109,47],"tags":[1836],"class_list":["post-34619","post","type-post","status-publish","format-standard","has-post-thumbnail","hentry","category-minuto-a-minuto","category-zona-gris","tag-sala-xalapa-del-tribunal-electoral-del-poder-judicial-de-la-federacion"],"jetpack_featured_media_url":"https:\/\/zonaroja.com.mx\/wp-content\/uploads\/2020\/07\/Sala-Xalapa-TEPJF.jpg","jetpack_sharing_enabled":true,"_links":{"self":[{"href":"https:\/\/zonaroja.com.mx\/index.php?rest_route=\/wp\/v2\/posts\/34619","targetHints":{"allow":["GET"]}}],"collection":[{"href":"https:\/\/zonaroja.com.mx\/index.php?rest_route=\/wp\/v2\/posts"}],"about":[{"href":"https:\/\/zonaroja.com.mx\/index.php?rest_route=\/wp\/v2\/types\/post"}],"author":[{"embeddable":true,"href":"https:\/\/zonaroja.com.mx\/index.php?rest_route=\/wp\/v2\/users\/2"}],"replies":[{"embeddable":true,"href":"https:\/\/zonaroja.com.mx\/index.php?rest_route=%2Fwp%2Fv2%2Fcomments&post=34619"}],"version-history":[{"count":1,"href":"https:\/\/zonaroja.com.mx\/index.php?rest_route=\/wp\/v2\/posts\/34619\/revisions"}],"predecessor-version":[{"id":34620,"href":"https:\/\/zonaroja.com.mx\/index.php?rest_route=\/wp\/v2\/posts\/34619\/revisions\/34620"}],"wp:featuredmedia":[{"embeddable":true,"href":"https:\/\/zonaroja.com.mx\/index.php?rest_route=\/wp\/v2\/media\/15076"}],"wp:attachment":[{"href":"https:\/\/zonaroja.com.mx\/index.php?rest_route=%2Fwp%2Fv2%2Fmedia&parent=34619"}],"wp:term":[{"taxonomy":"category","embeddable":true,"href":"https:\/\/zonaroja.com.mx\/index.php?rest_route=%2Fwp%2Fv2%2Fcategories&post=34619"},{"taxonomy":"post_tag","embeddable":true,"href":"https:\/\/zonaroja.com.mx\/index.php?rest_route=%2Fwp%2Fv2%2Ftags&post=34619"}],"curies":[{"name":"wp","href":"https:\/\/api.w.org\/{rel}","templated":true}]}}