{"id":34627,"date":"2021-11-24T07:28:09","date_gmt":"2021-11-24T13:28:09","guid":{"rendered":"http:\/\/www.zonaroja.com.mx\/?p=34627"},"modified":"2021-11-24T07:28:13","modified_gmt":"2021-11-24T13:28:13","slug":"impulsa-el-ieepo-multiples-acciones-de-capacitacion-para-el-magisterio","status":"publish","type":"post","link":"https:\/\/zonaroja.com.mx\/?p=34627","title":{"rendered":"Impulsa el IEEPO m\u00faltiples acciones de capacitaci\u00f3n para el magisterio"},"content":{"rendered":"\n<p>Redacci\u00f3n\/Zona Roja.<\/p>\n\n\n\n<p>Oaxaca de Ju\u00e1rez, Oax., 24 de noviembre de 2021.- En el fortalecimiento de la profesionalizaci\u00f3n de directivos, docentes y personal de apoyo a la educaci\u00f3n b\u00e1sica, el Instituto Estatal de Educaci\u00f3n P\u00fablica de Oaxaca (IEEPO), ha impartido m\u00e1s de 200 acciones de capacitaci\u00f3n para hacer frente al reto de la educaci\u00f3n a distancia y apoyar a las y los integrantes del magisterio a que desarrollen nuevos conocimientos, habilidades y actitudes.<\/p>\n\n\n\n<p>Atendiendo las indicaciones del gobernador Alejandro Murat Hinojosa y del director general, Francisco \u00c1ngel Villarreal, de promover la formaci\u00f3n de maestras y maestros de manera permanente se realizan diplomados, seminarios, talleres, cursos, asesor\u00edas personalizadas, reuniones virtuales de trabajo y encuentros encaminados a compartir las experiencias exitosas.<\/p>\n\n\n\n<p>Asistentes a estas jornadas de capacitaci\u00f3n, coincidieron en la importancia de acudir a cursos y conocer los puntos de vista de otros especialistas y expertos que les ayuden a crecer profesionalmente y a desarrollar mejor la labor educativa que realizan con ni\u00f1as, ni\u00f1os, adolescentes y j\u00f3venes.<\/p>\n\n\n\n<p>En entrevista, la maestra Esmeralda Mart\u00ednez Barr\u00f3n coment\u00f3 que es importante aprovechar estas oportunidades y espacios de actualizaci\u00f3n, los cuales se han impartido con la participaci\u00f3n de ponentes de reconocida trayectoria.<\/p>\n\n\n\n<p>\u201cLa sociedad oaxaque\u00f1a necesita de docentes preparados, con buena formaci\u00f3n. Necesitamos m\u00e1s eventos como estos, de calidad y con diferentes puntos de vista\u201d, coment\u00f3 por su parte la maestra Bernardina Pachuca.<\/p>\n\n\n\n<p>Tambi\u00e9n, la profesora Adriana Garc\u00eda Miguel consider\u00f3 que estas actividades abren puertas para conocer c\u00f3mo se est\u00e1 desarrollando la educaci\u00f3n en otros pa\u00edses y con estos ejemplos seguir prepar\u00e1ndose.<\/p>\n\n\n\n<p>Tambi\u00e9n, el maestro Taurino Mart\u00ednez expres\u00f3 su reconocimiento al Director General del IEEPO por organizar eventos como el reciente Seminario Internacional \u201cLa Educaci\u00f3n en M\u00e9xico, Am\u00e9rica Latina y el Caribe\u00bb, con experiencias enriquecedoras que contribuyen a la construcci\u00f3n de una nueva era en la educaci\u00f3n y en particular la educaci\u00f3n ind\u00edgena.<\/p>\n","protected":false},"excerpt":{"rendered":"<p>Redacci\u00f3n\/Zona Roja. Oaxaca de Ju\u00e1rez, Oax., 24 de noviembre de 2021.- En el fortalecimiento de&hellip;<\/p>\n","protected":false},"author":2,"featured_media":34628,"comment_status":"closed","ping_status":"open","sticky":false,"template":"","format":"standard","meta":{"_lmt_disableupdate":"","_lmt_disable":"","_jetpack_memberships_contains_paid_content":false,"footnotes":""},"categories":[109,46],"tags":[2837],"class_list":["post-34627","post","type-post","status-publish","format-standard","has-post-thumbnail","hentry","category-minuto-a-minuto","category-zona-blanca","tag-instituto-estatal-de-educacion-publica-de-oaxaca-ieepo"],"jetpack_featured_media_url":"https:\/\/zonaroja.com.mx\/wp-content\/uploads\/2021\/11\/IEEPO-3.jpeg","jetpack_sharing_enabled":true,"_links":{"self":[{"href":"https:\/\/zonaroja.com.mx\/index.php?rest_route=\/wp\/v2\/posts\/34627","targetHints":{"allow":["GET"]}}],"collection":[{"href":"https:\/\/zonaroja.com.mx\/index.php?rest_route=\/wp\/v2\/posts"}],"about":[{"href":"https:\/\/zonaroja.com.mx\/index.php?rest_route=\/wp\/v2\/types\/post"}],"author":[{"embeddable":true,"href":"https:\/\/zonaroja.com.mx\/index.php?rest_route=\/wp\/v2\/users\/2"}],"replies":[{"embeddable":true,"href":"https:\/\/zonaroja.com.mx\/index.php?rest_route=%2Fwp%2Fv2%2Fcomments&post=34627"}],"version-history":[{"count":1,"href":"https:\/\/zonaroja.com.mx\/index.php?rest_route=\/wp\/v2\/posts\/34627\/revisions"}],"predecessor-version":[{"id":34629,"href":"https:\/\/zonaroja.com.mx\/index.php?rest_route=\/wp\/v2\/posts\/34627\/revisions\/34629"}],"wp:featuredmedia":[{"embeddable":true,"href":"https:\/\/zonaroja.com.mx\/index.php?rest_route=\/wp\/v2\/media\/34628"}],"wp:attachment":[{"href":"https:\/\/zonaroja.com.mx\/index.php?rest_route=%2Fwp%2Fv2%2Fmedia&parent=34627"}],"wp:term":[{"taxonomy":"category","embeddable":true,"href":"https:\/\/zonaroja.com.mx\/index.php?rest_route=%2Fwp%2Fv2%2Fcategories&post=34627"},{"taxonomy":"post_tag","embeddable":true,"href":"https:\/\/zonaroja.com.mx\/index.php?rest_route=%2Fwp%2Fv2%2Ftags&post=34627"}],"curies":[{"name":"wp","href":"https:\/\/api.w.org\/{rel}","templated":true}]}}